{"id":930,"date":"2014-04-25T20:36:53","date_gmt":"2014-04-25T18:36:53","guid":{"rendered":"http:\/\/win2014.de\/?p=930"},"modified":"2015-01-30T09:43:40","modified_gmt":"2015-01-30T08:43:40","slug":"sommerzeit-ab-1-mai-1916","status":"publish","type":"post","link":"http:\/\/win2014.de\/?p=930","title":{"rendered":"Sommerzeit ab 1. Mai 1916"},"content":{"rendered":"<p style=\"text-align: justify;\"><strong>Schon im Verlauf des Jahres 1915 wurden in Deutschland Brennstoffe knapp. In den Gro\u00dfst\u00e4dten Berlin und M\u00fcnchen z.B. war schon im Herbst 1914 der Gasdruck im Stadtgasnetz reduziert worden, die Stra\u00dfenlaternen wurden ganz oder teilweise abgeklemmt. Um wenigstens von Fr\u00fchjahr bis Herbst das reichlich vorhandene und kostenlose Tageslicht maximal auszunutzen, wollte die Reichskanzlei m\u00f6glichst schnell die bereits 1912 vorgeschlagene Zeitumstellung einf\u00fchren.<\/strong><\/p>\n<p style=\"text-align: justify;\"><!--more weiterlesen--> Daf\u00fcr brauchte man eigentlich ein Gesetz, das nur der Reichstag erlassen konnte. Das aber dauerte f\u00fcr den Reichskanzler Theobald von Bethmann-Hollweg zu lange. Mit dem Erm\u00e4chtigungsgesetz vom 4. August 1914 konnte der Bundesrat, die Vertretung der F\u00fcrsten im Kaiserreich, auch solche einschneidenden Ver\u00e4nderungen per Verordnung einf\u00fchren. Mit der Rationierung von Lebensmitteln oder der Beschlagnahme von Vorr\u00e4ten war es \u00e4hnlich gelaufen. Nun also auch die Zeitumstellung. Am 6. April 1916 erschien die entsprechende Verordnung im Reichsgesetzblatt:<\/p>\n<p style=\"text-align: justify;\"><em>\u201eDer 1. Mai 1916 beginnt am 30. April 1916 nachmittags elf Uhr nach der gegenw\u00e4rtigen Zeitrechnung. Der 30. September 1916 endet eine Stunde nach Mitternacht im Sinne dieser Verordnung.\u201c<\/em><\/p>\n<p style=\"text-align: justify;\">Mit Postkarten, Flugschriften und in den Zeitungen wurde die bevorstehende Zeitumstellung bekannt gemacht. Die braven Deutschen folgten und stellten dem Gesetz entsprechend am 30. April nachts um 23 Uhr ihre Uhren um eine Stunde vor.<\/p>\n<p style=\"text-align: justify;\">Dennoch f\u00fchrte die Umstellung zu teilweise chaotischen Verh\u00e4ltnissen. Der 1. Mai 1916 war ein Freitag und die Arbeiter kamen in vielen Betrieben zu fr\u00fch zur Fr\u00fchschicht. Auch im Berufs- und Lieferverkehr klappte an diesem Tag wenig reibungslos. Zwar pendelte sich die Logistik nach dem Wochenende wieder ein, doch zufrieden waren die Beh\u00f6rden nicht.<\/p>\n<p style=\"text-align: justify;\">Immerhin: Die erhoffte Kohleersparnis wurde einigerma\u00dfen Wirklichkeit. In Bremen z.B.\u00a0 verbrauchten die Stadtwerke bis September 1916 rund 358 Tonnen Kohle weniger. Die B\u00fcrger hatten allerdings wenig davon: Zwar mussten sie dank der Zeitumstellung weniger an die Stadtwerke bezahlen, doch daf\u00fcr musste der Senat von Bremen die direkten Steuern erh\u00f6hen, um den Einnahmeverlust von 40.000 Mark auszugleichen.<\/p>\n<p style=\"text-align: justify;\">Im folgenden Jahr wurde die Einf\u00fchrung der Sommerzeit auf die Nacht zum dritten Montag im April verlegt, und zwar auf zwei Uhr morgens \u2013 in die ruhigste Zeit. Zur\u00fcckgestellt wurden die Uhren am dritten Montag im September.<\/p>\n<address style=\"text-align: justify;\"><span style=\"font-size: 12pt;\">Quelle:<\/span><\/address>\n<address style=\"text-align: justify;\"><a href=\"http:\/\/www.welt.de\/geschichte\/article126298210\/Sommerzeit-ist-ein-Produkt-des-Ersten-Weltkriegs.html\"><em><span style=\"font-size: 12pt; color: #0000ff;\">http:\/\/www.welt.de\/geschichte\/article126298210\/Sommerzeit-ist-ein-Produkt-des-Ersten-Weltkriegs.html<\/span><\/em><\/a><\/address>\n<address style=\"text-align: justify;\">\u00a0<\/address>\n<p style=\"text-align: justify;\"><a href=\"http:\/\/win2014.de\/wp-content\/uploads\/2014\/04\/sommerzeit.jpg\"><img loading=\"lazy\" class=\"alignnone size-large wp-image-931\" src=\"http:\/\/win2014.de\/wp-content\/uploads\/2014\/04\/sommerzeit-657x1024.jpg\" alt=\"sommerzeit\" width=\"640\" height=\"997\" srcset=\"http:\/\/win2014.de\/wp-content\/uploads\/2014\/04\/sommerzeit-657x1024.jpg 657w, http:\/\/win2014.de\/wp-content\/uploads\/2014\/04\/sommerzeit-192x300.jpg 192w, http:\/\/win2014.de\/wp-content\/uploads\/2014\/04\/sommerzeit.jpg 1397w\" sizes=\"(max-width: 640px) 100vw, 640px\" \/><\/a><\/p>\n<p style=\"text-align: justify;\">Die Postkarte DEUTSCHE SOMMERZEIT ist nicht gerade ein Wunderwerk der Werbekunst. Die Botschaft kommt recht betulich und eher im Hintergrund daher. Ein einsamer Landwehrmann h\u00e4lt seine Taschenuhr Punkt 11 Uhr in der Hand, und am Himmelsfirmament erscheint die neue Zeit 12 Uhr. Der Mond daneben nimmt das alles gelassen zur Kenntnis.<\/p>\n<p style=\"text-align: justify;\">Nebenbei ist noch schnell Platz f\u00fcr zwei Botschaften, die auch helfen sollen, den Krieg zu gewinnen. Auf dem Blatt vom 30. April steht der Kalenderspruch <em>Zeit ist Geld<\/em>, und f\u00fcr den 1. Mai wird noch schnell und zuversichtlich eingef\u00fcgt <em>Heil Sieg! <\/em>Oder vielmehr das damals \u00fcbliche<em> Heil und Sieg!<\/em>, das hier vom 30. April verdeckt wird. Welche Ernte die Frau mit der Sense einf\u00e4hrt, bleibt unklar. F\u00fcr Heu oder Getreide ist es am 1. Mai wohl noch zu fr\u00fch.<\/p>\n<p style=\"text-align: justify;\">\u00dcbrigens: 1890 wurde der 1. Mai zum ersten Mal in der ganzen Welt als \u201eProtest- und Gedenktag\u201c mit Massenstreiks und Massendemonstrationen\u00a0 begangen. Der Versuch der Weimarer Nationalversammlung, den 1. Mai im Jahre 1919 zum gesetzlichen Feiertag zu bestimmen, scheiterte kl\u00e4glich. 1933 wurde dann daraus der <em>Feiertag der nationalen Arbeit<\/em> und ab 1934 der <em>Nationalen Feiertag des deutschen Volkes<\/em>.<\/p>\n","protected":false},"excerpt":{"rendered":"<p>Schon im Verlauf des Jahres 1915 wurden in Deutschland Brennstoffe knapp. In den Gro\u00dfst\u00e4dten Berlin und M\u00fcnchen z.B. war schon im Herbst 1914 der Gasdruck im Stadtgasnetz reduziert worden, die Stra\u00dfenlaternen wurden ganz oder teilweise abgeklemmt. Um wenigstens von Fr\u00fchjahr &hellip; <a href=\"http:\/\/win2014.de\/?p=930\">Weiterlesen <span class=\"meta-nav\">&rarr;<\/span><\/a><\/p>\n","protected":false},"author":1,"featured_media":946,"comment_status":"closed","ping_status":"closed","sticky":false,"template":"","format":"standard","meta":[],"categories":[1,180,10],"tags":[110,238],"jetpack_featured_media_url":"http:\/\/win2014.de\/wp-content\/uploads\/2014\/04\/cropped-sommerzeit-Kopie1.jpg","_links":{"self":[{"href":"http:\/\/win2014.de\/index.php?rest_route=\/wp\/v2\/posts\/930"}],"collection":[{"href":"http:\/\/win2014.de\/index.php?rest_route=\/wp\/v2\/posts"}],"about":[{"href":"http:\/\/win2014.de\/index.php?rest_route=\/wp\/v2\/types\/post"}],"author":[{"embeddable":true,"href":"http:\/\/win2014.de\/index.php?rest_route=\/wp\/v2\/users\/1"}],"replies":[{"embeddable":true,"href":"http:\/\/win2014.de\/index.php?rest_route=%2Fwp%2Fv2%2Fcomments&post=930"}],"version-history":[{"count":12,"href":"http:\/\/win2014.de\/index.php?rest_route=\/wp\/v2\/posts\/930\/revisions"}],"predecessor-version":[{"id":2108,"href":"http:\/\/win2014.de\/index.php?rest_route=\/wp\/v2\/posts\/930\/revisions\/2108"}],"wp:featuredmedia":[{"embeddable":true,"href":"http:\/\/win2014.de\/index.php?rest_route=\/wp\/v2\/media\/946"}],"wp:attachment":[{"href":"http:\/\/win2014.de\/index.php?rest_route=%2Fwp%2Fv2%2Fmedia&parent=930"}],"wp:term":[{"taxonomy":"category","embeddable":true,"href":"http:\/\/win2014.de\/index.php?rest_route=%2Fwp%2Fv2%2Fcategories&post=930"},{"taxonomy":"post_tag","embeddable":true,"href":"http:\/\/win2014.de\/index.php?rest_route=%2Fwp%2Fv2%2Ftags&post=930"}],"curies":[{"name":"wp","href":"https:\/\/api.w.org\/{rel}","templated":true}]}}