{"id":3562,"date":"2018-02-12T19:55:55","date_gmt":"2018-02-12T18:55:55","guid":{"rendered":"http:\/\/win2014.de\/?p=3562"},"modified":"2020-08-23T15:43:37","modified_gmt":"2020-08-23T13:43:37","slug":"ein-vortrupp-deutscher-avantgarde","status":"publish","type":"post","link":"http:\/\/win2014.de\/?p=3562","title":{"rendered":"Vortrupp f\u00fcr eine bessere Welt"},"content":{"rendered":"<div id=\"attachment_3569\" style=\"width: 162px\" class=\"wp-caption alignleft\"><img aria-describedby=\"caption-attachment-3569\" loading=\"lazy\" class=\"wp-image-3569\" src=\"http:\/\/win2014.de\/wp-content\/uploads\/paasche.jpg\" alt=\"\" width=\"152\" height=\"199\"><p id=\"caption-attachment-3569\" class=\"wp-caption-text\">Hans Paasche (1881-1920)<\/p><\/div>\n<p style=\"text-align: justify;\">Da f\u00e4llt einem zuf\u00e4llig ein Buch in die H\u00e4nde mit dem Titel <em>\u201eVortrupp, Halbmonatsschrift f\u00fcr das Deutschtum unserer Zeit\u201c<\/em>, III. Jahrgang 1914. Aha, denken wir: Deutschtum! Da wissen wir ja gleich, worum es geht. Wir schlagen das Inhaltsverzeichnis auf und finden Aufs\u00e4tze, die unseren Verdacht best\u00e4tigen. Es geht mal wieder um die besseren Deutschen: <em>Neue Tatsachen zur Rassenhygiene, Die Frau und die Volksgesundheit, Das Vaterland ist in Gefahr, Untermenschliche Umwertung<\/em>.<br \/>\nHerausgeber dieser Schrift ist ein gewisser Hans Paasche, Kapit\u00e4nleutnant a.D. Wir googeln und werden stutzig. Hans Paasche wurde am 21. Mai 1920 von rechtsgerichteten Freisch\u00e4rlern auf seinem Gut in Westpreu\u00dfen (Deutsch-Krone heute: Wa\u0142cz) aufgesucht, umzingelt und hinterr\u00fccks erschossen. Wie passt das zusammen? Ein K\u00e4mpfer f\u00fcr Deutschtum, der von K\u00e4mpfern f\u00fcr Deutschtum ermordet wird?<!--more weiterlesen--><\/p>\n<p style=\"text-align: justify;\">Vielleicht h\u00e4tte Hans Paasche seine Schriften nicht unter dem Titel \u201eVortrupp\u201c herausgeben sollen. Das ist ja ein Ausdruck, der in der Milit\u00e4rsprache und vielleicht noch bei den Pfadfindern benutzt wird. Wenn wir uns aber das passende franz\u00f6sische Wort denken &#8211; n\u00e4mlich Avantgarde &#8211; kommen wir der Sache schon n\u00e4her. Hans Paasche war n\u00e4mlich seiner Zeit weit voraus. Er geh\u00f6rte zur Avantgarde der Menschen, die eine menschlichere und gerechtere Gesellschaft anstrebten. Dabei dachte er nicht nur deutsch, sondern global. Er war ein Kriegsgegner, ein entschiedener Pazifist. Er k\u00e4mpfte f\u00fcr Gleichberechtigung. Er k\u00e4mpfte gegen den Kolonialismus in Afrika und die brutale Vernichtung der Ureinwohner. Er klagte an, wie die Tiere aus anderen Erdteilen get\u00f6tet werden, um Luxusartikel herzustellen.<\/p>\n<div id=\"attachment_3573\" style=\"width: 506px\" class=\"wp-caption aligncenter\"><img aria-describedby=\"caption-attachment-3573\" loading=\"lazy\" class=\"wp-image-3573 \" src=\"http:\/\/win2014.de\/wp-content\/uploads\/vor-724x1024.jpg\" alt=\"\" width=\"496\" height=\"702\" srcset=\"http:\/\/win2014.de\/wp-content\/uploads\/vor-724x1024.jpg 724w, http:\/\/win2014.de\/wp-content\/uploads\/vor-212x300.jpg 212w, http:\/\/win2014.de\/wp-content\/uploads\/vor.jpg 1942w\" sizes=\"(max-width: 496px) 100vw, 496px\" \/><p id=\"caption-attachment-3573\" class=\"wp-caption-text\">DER VORTRUPP von 1914. Der Begriff Avantgarde wurde erst seit der Revolutionszeit f\u00fcr Fortschritte in der Politik und Kunst benutzt.<\/p><\/div>\n<p style=\"text-align: justify;\">Was heute Amnesty International, Greenpeace und WWF weltweit anklagen und bek\u00e4mpfen, hat Hans Paasche vor \u00fcber 100 Jahren allein versucht. In seinen Schriften hat er Mitstreiter gesucht und sich mutig gegen die Zeitstr\u00f6me gestellt, aber letztendlich ist er an ihnen zerbrochen. Die T\u00e4ter, die ihn 1920 ermordeten, blieben straffrei. Man beerdigte ihn unter gro\u00dfer Anteilnahme der Bev\u00f6lkerung auf seinem Gut in Westpreu\u00dfen. Kurt Tucholsky hielt seine Grabrede.<br \/>\nDie schw\u00e4rzeste Zeit deutscher Geschichte wurde durch solche Verbrechen immer mehr zu einer bedrohlichen Drachengestalt. Hans Paasche und sein Einsatz f\u00fcr eine bessere Welt wurden durch die Nazizeit weggefegt. Vielleicht ist es aber trotzdem wichtig, sich auch heute an ihn zu erinnern und seiner zu gedenken.<\/p>\n<p style=\"text-align: justify;\"><strong>Wer war Hans Paasche?<\/strong><br \/>\nHans Paasche wurde 1881 in Rostock geboren und wuchs in Marburg und Berlin auf. Sein Vater war ein bedeutender Wirtschaftswissenschaftler und Politiker. Die Eltern w\u00fcnschten, der Sohn solle Wissenschaftler werden. Doch er brach den Schulbesuch ab, wurde Seekadett und gelangte 1904 als Offizier in die Kolonie Deutsch-Ostafrika, das heutige Tansania. Als im folgenden Jahr der Maji-Maji-Aufstand entflammte, wurde Hans Paasche als Milit\u00e4rischer Befehlshaber eingesetzt. Bald darauf wurde er jedoch abberufen, weil er eigenm\u00e4chtige Friedensverhandlungen aufnahm. Zum Missfallen der Vorgesetzten d\u00fcrfte beigetragen haben, dass er in seinem Hauptquartier nahezu tausend Friedfertige und Fl\u00fcchtlinge aufnahm und sie verpflegen und medizinisch versorgen lie\u00df.<\/p>\n<p style=\"text-align: justify;\"><strong><img loading=\"lazy\" class=\" wp-image-3571 alignleft\" src=\"http:\/\/win2014.de\/wp-content\/uploads\/paasche-hans-300x248.jpg\" alt=\"\" width=\"218\" height=\"180\" srcset=\"http:\/\/win2014.de\/wp-content\/uploads\/paasche-hans-300x248.jpg 300w, http:\/\/win2014.de\/wp-content\/uploads\/paasche-hans.jpg 652w\" sizes=\"(max-width: 218px) 100vw, 218px\" \/><\/strong><\/p>\n<p style=\"text-align: justify;\"><strong>In der Kolonie<\/strong><br \/>\nDie Mentalit\u00e4t vieler Kameraden \u2013 <em>\u201eder Neger m\u00fcsse Pr\u00fcgel haben\u201c<\/em> \u2013 ekelte ihn an. Er wurde Zeuge, wie Gefangene ermordet wurden, weil deutsche Truppen aus dem Hinterhalt beschossen worden waren. Die Eingeborenen wurden&nbsp; zum Tod durch den Strang verurteilt, obwohl sie vor dem Kriegsgericht ihre Unschuld beteuerten.<\/p>\n<p style=\"text-align: justify;\">1909 wurde er auf eigenen Wunsch aus dem Milit\u00e4rdienst entlassen. Inzwischen hatte er geheiratet und kehrte mit seiner Frau in die Kolonie zur\u00fcck. Diesmal als Forschungs-reisender mit dem Anliegen, den Afrikanern, vor allem den Opfern des Krieges, Gesichter und W\u00fcrde zur\u00fcck zu geben.<\/p>\n<div id=\"attachment_3570\" style=\"width: 245px\" class=\"wp-caption alignleft\"><img aria-describedby=\"caption-attachment-3570\" loading=\"lazy\" class=\"wp-image-3570 size-medium\" src=\"http:\/\/win2014.de\/wp-content\/uploads\/Paasche5-235x300.jpg\" alt=\"\" width=\"235\" height=\"300\" srcset=\"http:\/\/win2014.de\/wp-content\/uploads\/Paasche5-235x300.jpg 235w, http:\/\/win2014.de\/wp-content\/uploads\/Paasche5.jpg 274w\" sizes=\"(max-width: 235px) 100vw, 235px\" \/><p id=\"caption-attachment-3570\" class=\"wp-caption-text\">Erschienen 1912. Der Papalagi erschien erst 1920.<\/p><\/div>\n<p style=\"text-align: justify;\">In dieser Zeit schrieb er eine Satire auf den grenzenlosen Fortschrittsglauben und \u00dcberlegenheitsanspruch und nannte sie <em>Die Forschungsreise des Afrikaners Lukanga Mukara ins innerste Deutschland.<\/em> Dieses Buch ist \u00fcbrigens vor dem ber\u00fchmten Papalagi erschienen. <em>Die Reden des S\u00fcdseeh\u00e4uptlings Tuiavii aus Tiavea<\/em> sind eher ein Plagiat.<br \/>\nEs w\u00e4re nicht gar so falsch \u2013 so schreibt die ZEIT 1981 zu seinem 100. Geburtstag &#8211; wollte man Hans Paasche \u201eDeutschlands ersten Gr\u00fcnen\u201c nennen. Er wandte sich gegen die Jagden in den Savannen und Steppen Afrikas genauso wie gegen den Gro\u00dfstadtl\u00e4rm, dem die Kinder schutzlos ausgeliefert seien. Er setzte sich f\u00fcr das Frauenstimmrecht ein und schlug vor, die Frauen von \u201eKindern und K\u00fcche\u201c zu entlasten.<\/p>\n<p style=\"text-align: justify;\"><strong>F\u00fcr Tierschutz<\/strong><br \/>\nIm Bereich Tier- und Artenschutz war er seiner Zeit weit voraus. Heute k\u00e4mpfen Tiersch\u00fctzer gegen Walfang, Elefantenjagd oder gegen das grausame Gesch\u00e4ft mit den Nerzen. Paasche forderte damals schon, die Fangquoten f\u00fcr Robben drastisch zu vermindern. Ber\u00fchmt ist sein Aufschrei gegen die \u201eFedermode\u201c, die ganze Vogelarten ausrottete. Mit drastischen Worten und bei\u00dfender Kritik giftet er gegen deutsche Frauen, die ihre H\u00fcte mit Vogelfedern schm\u00fccken.<\/p>\n<p style=\"text-align: justify;\"><img loading=\"lazy\" class=\"alignnone size-full wp-image-3592\" src=\"http:\/\/win2014.de\/wp-content\/uploads\/IMG_20180213_095530.jpg\" alt=\"\" width=\"4317\" height=\"2851\" srcset=\"http:\/\/win2014.de\/wp-content\/uploads\/IMG_20180213_095530.jpg 4317w, http:\/\/win2014.de\/wp-content\/uploads\/IMG_20180213_095530-300x198.jpg 300w, http:\/\/win2014.de\/wp-content\/uploads\/IMG_20180213_095530-1024x676.jpg 1024w\" sizes=\"(max-width: 4317px) 100vw, 4317px\" \/><\/p>\n<p style=\"text-align: justify;\"><em>Die M\u00fcnzen der deutschen Kolonie Neu-Guinea tragen auf der R\u00fcckseite das Bild eines Paradiesvogels. Wie in Deutschland der Adler sorgf\u00e4ltig aus der freien Natur entfernt wurde und nur auf M\u00fcnzen, Marken und Kriegerhelmen ein heraldisches Dasein fristet, so hat jetzt das edle deutsche Handelsvolk dem sch\u00f6nsten Vogel aus der Paradieswelt auf seinen M\u00fcnzen ein Denkmal gepr\u00e4gt.<\/em><br \/>\n<em> Beruhige dein Zartgef\u00fchl, deutsche Frau, wenn solches unter dem Kriegerschmuck deines Hauptes irgendwo noch in dir wohnen sollte: der Paradiesvogel lebt als Bild auf deutschem Gelde, und der Vogel selbst, der einst \u00fcber die tropischen B\u00e4ume dahinflog und jetzt als ausgestopfter Leichnam aus Glasaugen auf die Krempe deines F\u00fcrstenhutes glotzt, ist f\u00fcr das Vaterland geopfert worden, weil er Geld ins Rollen brachte.<\/em><\/p>\n<div id=\"attachment_3586\" style=\"width: 690px\" class=\"wp-caption alignnone\"><img aria-describedby=\"caption-attachment-3586\" loading=\"lazy\" class=\"wp-image-3586 size-full\" src=\"http:\/\/win2014.de\/wp-content\/uploads\/150616-nabu-paradiesvogelmode-e-matthes2.jpeg\" alt=\"\" width=\"680\" height=\"453\" srcset=\"http:\/\/win2014.de\/wp-content\/uploads\/150616-nabu-paradiesvogelmode-e-matthes2.jpeg 680w, http:\/\/win2014.de\/wp-content\/uploads\/150616-nabu-paradiesvogelmode-e-matthes2-300x200.jpeg 300w\" sizes=\"(max-width: 680px) 100vw, 680px\" \/><p id=\"caption-attachment-3586\" class=\"wp-caption-text\">Schmuckvogelausrottung &#8211; NABU, Jahresheft 1914 (Illustration: Bund f\u00fcr Vogelschutz\/E. Matthes)<\/p><\/div>\n<p style=\"text-align: justify;\"><em>Das Geld ist sogar schneller ins Rollen gekommen durch den feigen Mord, dem du die Flatterzier deiner Stirn verdankst. Auch dar\u00fcber beruhige dich: Der Blutgeruch, der an dem Gelde klebte, ist schon wieder abgegriffen worden. Der M\u00f6rder gab die M\u00fcnze weiter; denn der Gewinn, den er aus dem Vogelmord zog, reizte ihn zu h\u00f6herer Lebensf\u00fchrung: er wurde ein K\u00e4ufer von Whisky und Tabak. So stieg in deutschen Kolonien infolge der Vogelausfuhr auch die Wareneinfuhr. Und in Deutschland d\u00fcrfen Federarbeiterinnen die Freude genie\u00dfen, in Fabriken zu sitzen und zwischen unz\u00e4hligen Federn des Schlachtgefl\u00fcgels auch die letzten Paradiesv\u00f6gel auf Damen- und Dirnenh\u00fcte zu binden. So kam durch den Vogelmord deutsches Wirtschaftsleben zur Bl\u00fcte.<\/em><\/p>\n<p style=\"text-align: justify;\"><strong>Natur, Ern\u00e4hrung, Frieden<\/strong><br \/>\nPaasche war selber wohl ein \u201eschr\u00e4ger Vogel\u201c. Als eingefleischter Vegetarier brachte er es fertig, sich in den besten Restaurants Berlins Wasser, Schwarzbrot, Apfelbrei und einen Pfannkuchen zu bestellen. Wenn andere, ihm unbekannte G\u00e4ste gar ein Nierengericht verspeisen wollten, ging er an den Tisch und sagte: \u201eWie kommen Sie dazu, fleischerne Nachtt\u00f6pfe zu essen?\u201c Handelte es sich um Schinken, bem\u00fchte er den \u201egesalzenen Hintern einer Schweineleiche\u201c.<br \/>\nMan kannte ihn inzwischen in der breiten \u00d6ffentlichkeit. Er geh\u00f6rte zu den aktiven Mitgliedern der deutschen Friedensbewegung und bekannte sich \u00f6ffentlich zu pazifistischem Gedankengut. Man kann \u00fcber seine Motive streiten, aber er war zutiefst davon \u00fcberzeugt, dass der moderne Mensch sich immer mehr der Natur entferne und dadurch f\u00fcr das Leid anderer unempfindlich werde. Der Mensch werde durch den allt\u00e4glichen Stress bet\u00e4ubt, Genussgifte, wie Alkohol und Zigaretten, und eine l\u00e4rmende Vergn\u00fcgungsindustrie w\u00fcrden dazu beitragen. Paasche wurde so zu einem f\u00fchrenden Vertreter der Lebensreform- und Jugendbewegungen. Er warb f\u00fcr Pazifismus und Frauenstimmrecht, unterst\u00fctzte den Tierschutz und die vegetarische Bewegung.<\/p>\n<p style=\"text-align: justify;\"><strong>Jugendbewegung und Hoher Mei\u00dfner<\/strong><br \/>\n1913 war Hans Paasche einer der Wortf\u00fchrer beim Treffen der Jugendbewegung auf dem Hohen Mei\u00dfner. Es sollte eine \u201eJahrhundertfeier\u201c werden, so hatten die Veranstalter das Fest angelegt. Und der gro\u00dfe Wurf war ihnen tats\u00e4chlich gelungen. Der Jugendtag \u2013 schreibt der SPIEGEL 2013 \u2013 \u201ewar so etwas wie ein gigantisches Open-Air-Event, ein wilhelminisches Woodstock, das den Aufbruch Jugendlicher in eine neue, bessere und vor allem freiere Zukunft feierte.<br \/>\nWie im Rausch erlebten die jungen Frauen und M\u00e4nner fernab der Zw\u00e4nge des Alltags diese Tage und kehrten mit dem Gef\u00fchl einer tiefen emotionalen Verbundenheit und getragen von dem &#8222;Mei\u00dfner-Geist&#8220; nach Hause zur\u00fcck.\u201c<\/p>\n<p style=\"text-align: justify;\"><iframe loading=\"lazy\" src=\"https:\/\/www.youtube.com\/embed\/onjAkYFFHdQ\" width=\"560\" height=\"315\" frameborder=\"0\" allowfullscreen=\"allowfullscreen\"><\/iframe><\/p>\n<p style=\"text-align: justify;\"><strong>Im Weltkrieg<\/strong><br \/>\nAls der Erste Weltkrieg begann, meldete er sich als Freiwilliger zur Marine. Wie nahezu alle seiner Landsleute glaubte er damals, Deutschland f\u00fchre einen Verteidigungskrieg. Paasche erkannte aber bald die wahren Ursachen und wurde wegen Befehlsverweigerung entlassen. Er nahm seine Untergrundaktivit\u00e4ten auf, verbreitete und vervielf\u00e4ltigte mit Hilfe seiner Frau und einigen franz\u00f6sischen Kriegsgefangenen pazifistische Schriften sowie eigene Flugbl\u00e4tter.<br \/>\nEr schrieb gegen den Krieg und die politische und milit\u00e4rische Leitung des Reiches und suchte Kontakt zu Kriegsgefangenen. Eine Denunziation brachte ihn 1917 ins Gef\u00e4ngnis. Um eine Anklage wegen Hochverrats zu verhindern, lie\u00df ihn sein Vater in eine Nervenheilanstalt einweisen. Am 9. November 1918 befreiten ihn dort aufst\u00e4ndische Matrosen, fuhren ihn in den Reichstag und w\u00e4hlten ihn in den Vollzugsrat der Arbeiter- und Soldatenr\u00e4te. Er warb f\u00fcr eine radikaldemokratische sozialistische Revolution. Er wollte diejenigen in einem Volksgericht anklagen, die den Krieg verschuldet hatten. Aber Paasches Ideen scheiterten am Widerstand rechter Sozialdemokraten.<\/p>\n<p style=\"text-align: justify;\"><strong>Aufbruch und Revolution<\/strong><br \/>\nAls die Revolution niedergeschlagen war, kehrte Hans Paasche auf sein gut nach Waldfrieden in Westpreu\u00dfen zur\u00fcck. Er wurde einer der bedeutendsten politischen Publizisten Deutschlands, bewundert und geachtet von Carl von Ossietzky und Kurt Tucholsky, gesch\u00e4tzt von Mitstreitern wie Albert Einstein, Hermann Hesse, K\u00e4the Kollwitz and Heinrich Mann. Themen seiner damals bekanntesten Ver\u00f6ffentlichungen waren die Abkehr von Gewalt, Kritik an Militarismus und Nationalismus, die Aufkl\u00e4rung der Kriegsverbrechen und die Idee der Einrichtung eines V\u00f6lkerbundes, der nicht auf Europa beschr\u00e4nkt sein sollte und selbstverst\u00e4ndlich den Verzicht auf Kolonien einschloss. Und er warnte:<\/p>\n<p style=\"text-align: justify;\"><em>\u201eMache dir das ganz klar, Deutscher: Du bist ausgesto\u00dfen aus der Gemeinschaft der V\u00f6lker, wenn du nicht endlich Erbitterung zeigst gegen das System, das dich zum Henker deiner Nachbarn machte und dich schlie\u00dflich selbst zerschunden hat. Du hast dich anstiften lassen, friedliche, gl\u00fcckliche L\u00e4nder zu \u00fcberfallen und in eine hoffnungslose W\u00fcste zu verwandeln. Dein feldgrauer, animalischer Gehorsam hat das Elend, die Trauer und Kraftlosigkeit dieser Zeit herbeigebracht. Und du sprichst nur von deutschen Interessen, bevor du einmal die Tr\u00e4nen der Verzweiflung mitgeweint hast, die die ganze Menschheit weinen muss beim Anblick der Landstriche, in denen wir Siegfried- oder Hindenburgstellung<\/em> <em>spielten.\u201c<\/em><\/p>\n<p style=\"text-align: justify;\">Bemerkenswert ist, dass Hans Paasche unmittelbar nach dem Ende des Krieges, als es um die Schuldfrage ging, sich selbst anklagte und in einer Flugschrift vor aller Welt \u201emea culpa!\u201c sagte. Es ist eine gnadenlose Untersuchung der physischen und vor allem der psychischen Gewalt des Krieges. Das am h\u00e4ufigsten im Text erscheinende Wort ist \u201eSchuld\u201c, das Eingest\u00e4ndnis seiner Schuld, die gerade darin bestand, nicht wissen zu wollen, was Krieg bedeutet.<\/p>\n<div id=\"attachment_3610\" style=\"width: 802px\" class=\"wp-caption aligncenter\"><img aria-describedby=\"caption-attachment-3610\" loading=\"lazy\" class=\"wp-image-3610 size-full\" src=\"http:\/\/win2014.de\/wp-content\/uploads\/Bundesarchiv_Bild_105-DOA3056_Deutsch-Ostafrika_Askarikompanie.jpg\" alt=\"\" width=\"792\" height=\"576\" srcset=\"http:\/\/win2014.de\/wp-content\/uploads\/Bundesarchiv_Bild_105-DOA3056_Deutsch-Ostafrika_Askarikompanie.jpg 792w, http:\/\/win2014.de\/wp-content\/uploads\/Bundesarchiv_Bild_105-DOA3056_Deutsch-Ostafrika_Askarikompanie-300x218.jpg 300w\" sizes=\"(max-width: 792px) 100vw, 792px\" \/><p id=\"caption-attachment-3610\" class=\"wp-caption-text\">Askarikompanie in Deutsch-Ostafrika (ca. 1914\/18) Bundesarchiv, Bild 105-DOA3056<\/p><\/div>\n<p style=\"text-align: justify;\"><em>Meine Mitschuld am Weltkriege besteht darin, da\u00df ich den Irrsinn des Krieges schon vor dem Kriege erlebt hatte und mich bestimmen lie\u00df, mein Gewissen zu beruhigen und zu schweigen. Ich nenne das Schuld, obwohl es auch wirkliche, unmittelbare Schuld am Kriege gibt.<\/em><br \/>\n<em> Mir ist, als ob das Denken der Menschen schon vor 1914 h\u00e4tte ge\u00e4ndert werden k\u00f6nnen, wenn jeder, der in Afrika oder China Krieg erlebte, als Mensch laut gesprochen h\u00e4tte, anstatt zu dulden, da\u00df er als Held gefeiert wurde. Es ist eine Schuld! Mitunter, als ich in sch\u00f6nen S\u00e4len gutgekleideten Menschen meine Erlebnisse schilderte, beunruhigte mich die Art, wie diese Menschen meine Erlebnisse genossen, und da\u00df sie die Wahrheit nicht h\u00f6ren wollten, da\u00df sie entt\u00e4uscht waren, wenn ich ihnen zeigte, wie ich in Wirklichkeit dachte. Ich merkte, da\u00df man das, was ich wirklich erfahren hatte, nicht h\u00f6ren wollte.<\/em><br \/>\n<em> Ich verschwieg die Wahrheit und glaubte, die Menschen k\u00f6nnten reif werden, die Wahrheit selbst zu finden, wenn man die Bet\u00e4ubung von ihnen n\u00e4hme, die aus den Gewohnheiten des t\u00e4glichen Lebens entspringe.\u201c<\/em><\/p>\n<p style=\"text-align: justify;\"><img loading=\"lazy\" class=\"size-medium wp-image-3567 alignleft\" src=\"http:\/\/win2014.de\/wp-content\/uploads\/Gut_Waldfrieden_Grabstein_Hans_Paasche-300x225.jpg\" alt=\"\" width=\"300\" height=\"225\" srcset=\"http:\/\/win2014.de\/wp-content\/uploads\/Gut_Waldfrieden_Grabstein_Hans_Paasche-300x225.jpg 300w, http:\/\/win2014.de\/wp-content\/uploads\/Gut_Waldfrieden_Grabstein_Hans_Paasche-1024x768.jpg 1024w\" sizes=\"(max-width: 300px) 100vw, 300px\" \/>Am 21. Mai 1920 umzingelten Angeh\u00f6rige des Reichswehr- Schutzregiments 4 aus Deutsch-Krone (Wa\u0142cz) sein Gut. Paasche, so lautete die Begr\u00fcndung, sei ein bekannter Pazifist und verberge wahrscheinlich Waffen f\u00fcr einen Aufstand. Ein Haftbefehl lag nicht vor. Er wurde dennoch aus dem Hinterhalt und ohne Anruf \u201eauf der Flucht\u201c mit vier Sch\u00fcssen ermordet. Waffen fand man keine. Niemand wurde wegen des politischen Mordes bestraft.<br \/>\n<strong>Gedenken<\/strong><br \/>\nPaasche geriet in Vergessenheit. Allein am Standort des Archivs der deutschen Jugendbewegung wird an ihn erinnert. Die Burg Ludwigstein war 1920 gerade von Jugendbewegten in Besitz genommen worden, um sie als Ehrenmal f\u00fcr die gefallenen Wanderv\u00f6gel des Ersten Weltkriegs wieder aufzubauen. Unter dem Eindruck des Todes von Hans Paasche erhielt die stattliche 500 Jahre alte Linde, die unterhalb der Burg stand, den Namen &#8222;Paaschelinde&#8220;.<\/p>\n<div id=\"attachment_3564\" style=\"width: 760px\" class=\"wp-caption aligncenter\"><img aria-describedby=\"caption-attachment-3564\" loading=\"lazy\" class=\"wp-image-3564 size-full\" src=\"http:\/\/win2014.de\/wp-content\/uploads\/5406-large-Paasche-Linde-mit-Burg.jpg\" alt=\"\" width=\"750\" height=\"499\" srcset=\"http:\/\/win2014.de\/wp-content\/uploads\/5406-large-Paasche-Linde-mit-Burg.jpg 750w, http:\/\/win2014.de\/wp-content\/uploads\/5406-large-Paasche-Linde-mit-Burg-300x200.jpg 300w\" sizes=\"(max-width: 750px) 100vw, 750px\" \/><p id=\"caption-attachment-3564\" class=\"wp-caption-text\">Burg Ludwigstein mit der Paasche-Linde (\u00a9 Copyright Archiv der Jugendbewegung)<\/p><\/div>\n<p style=\"text-align: justify;\">Im Jahr 2002 fiel die Linde im Sturm. Von Gut Waldfrieden (Wa\u0142cz &#8211; ehemals Westpreu\u00dfen, heute Polen) war zuvor schon dessen Grabstein zum Ludwigstein gebracht worden. Polnische Jugendliche gruben nun auf dem zerfallenen Gut eine junge Linde aus und pflanzten sie gemeinsam mit deutschen Wanderv\u00f6geln und Pfadfindern an die Stelle des alten Baums. So besteht der Platz um die Paaschelinde weiter als Ort des Gedenkens. Eine Dauerausstellung auf der Burg Ludwigstein erinnert an Hans Paasche. Mehrere Versuche, Stra\u00dfen nach Hans Paasche zu benennen, wurden von den Beh\u00f6rden zur\u00fcckgewiesen.<\/p>\n<p style=\"text-align: justify;\">Hans Paasche ging es genauso wie vielen anderen Querdenkern, die sich gegen den Strom der Zeit stellten und Unmenschlichkeit, Unmoral und Geldgier anprangerten. Sie wurden vergessen und ein w\u00fcrdiges Gedenken wurde ihnen von welcher \u00d6ffentlichkeit auch immer stumm verweigert.<\/p>\n<div id=\"attachment_3591\" style=\"width: 3584px\" class=\"wp-caption alignnone\"><img aria-describedby=\"caption-attachment-3591\" loading=\"lazy\" class=\"wp-image-3591 size-full\" src=\"http:\/\/win2014.de\/wp-content\/uploads\/IMG_20180213_095336.jpg\" alt=\"\" width=\"3574\" height=\"2042\" srcset=\"http:\/\/win2014.de\/wp-content\/uploads\/IMG_20180213_095336.jpg 3574w, http:\/\/win2014.de\/wp-content\/uploads\/IMG_20180213_095336-300x171.jpg 300w, http:\/\/win2014.de\/wp-content\/uploads\/IMG_20180213_095336-1024x585.jpg 1024w\" sizes=\"(max-width: 3574px) 100vw, 3574px\" \/><p id=\"caption-attachment-3591\" class=\"wp-caption-text\">Kurt Tucholsky am 3. Juni 1920 in der \u00bbWeltb\u00fchne\u00ab<\/p><\/div>\n<p><strong><span style=\"font-size: 14pt;\">Paasche von Theobald Tiger<\/span><\/strong><br \/>\nWieder Einer. Das ist nun im Reich<br \/>\nGewohnheit schon. Es gilt ihnen gleich.<br \/>\nSo geht das alle, alle Tage.<br \/>\nHierzuland l\u00f6st die soziale Frage<br \/>\nein Leutnant, zehn Mann. Pazifist ist. der Hund?<br \/>\nSchie\u00dft ihm nicht erst die Knochen wund!<br \/>\nDie Kugel ins Herz!<br \/>\nUnd die Dienststellen logen:<br \/>\nEr hat sich seiner Verhaftung entzogen.<br \/>\nLeitartikel. Dementi. Geschrei.<br \/>\nUnd in vierzehn Tagen ist alles vorbei.<\/p>\n<p>Wieder Einer. Ein m\u00fcder Mann,<br \/>\nder m\u00fcde \u00fcber die Deutschen sann.<br \/>\nDen preu\u00dfischen Geist &#8211; er kannte ihn<br \/>\naus dem Heer und aus den Kolonien,<br \/>\naus der gro\u00dfen Zeit &#8211; er mochte nicht mehr.<br \/>\nEr ha\u00dfte dieses h\u00f6llische Heer.<br \/>\nEr liebte die Menschen. Er ha\u00dfte Sergeanten<br \/>\n(das taten Alle, die beide kannten).<br \/>\nSa\u00df still auf dem Land und angelte Fische.<br \/>\nLas ein paar harmlose Zeitungswische . . .<\/p>\n<p>Spitzelmeldung. Da r\u00fccken heran<br \/>\nzwei Offiziere und sechzig Mann.<br \/>\n(Tapfer sind sie immer gewesen,<br \/>\ndas kann man schon bei Herrn Schaefer lesen).<br \/>\nDas Opfer im Badeanzug . . . Schu\u00df. In den Dreck.<br \/>\nWieder son Bolschewiste weg -!<br \/>\nVerbeugung. Kommandos, hart und knapp.<br \/>\nDann r\u00fcckt die Heldengarde ab.<br \/>\nEin toter Mann Ein Stiller. Ein Reiner.<br \/>\nWieder Einer. Wieder Einer.<br \/>\nUnd nun -?<br \/>\n<em>3. Juni 1920 in der \u00bbWeltb\u00fchne\u00ab<\/em><\/p>\n<p><em><img loading=\"lazy\" class=\"alignnone size-large wp-image-3609\" src=\"http:\/\/win2014.de\/wp-content\/uploads\/Gut_Waldfrieden_Grabinschrift_Hans_Paasche-1-1024x283.jpg\" alt=\"\" width=\"640\" height=\"177\" srcset=\"http:\/\/win2014.de\/wp-content\/uploads\/Gut_Waldfrieden_Grabinschrift_Hans_Paasche-1-1024x283.jpg 1024w, http:\/\/win2014.de\/wp-content\/uploads\/Gut_Waldfrieden_Grabinschrift_Hans_Paasche-1-300x83.jpg 300w\" sizes=\"(max-width: 640px) 100vw, 640px\" \/><\/em><\/p>\n<p><span style=\"font-family: arial, helvetica, sans-serif; font-size: 14pt; color: #ff0000;\"><strong>Quellen<\/strong><\/span><br \/>\nKirstin Schreiber, Kulturkritik in der deutschen Jugendbewegung\u201a Wandervogel\u2018 1896\u20131914, Siegen, 2014<br \/>\nHans Paasche, Vortrupp, Halbmonatsschrift f\u00fcr das Deutschtum unserer Zeit, III. Jahrgang, Hamburg 1914<br \/>\nHans Paasche, Meine Mitschuld am Weltkriege, 1.-10. Tsd., Berlin, in: Flugschriften des Bundes Neues Vaterland, 1919, 20 Seiten<br \/>\nHans Paasche, Das verlorene Afrika, Berlin 1919, in: Flugschriften des Bundes Neues Vaterland, Nr.16 , S.7<br \/>\nHelmut Donat, Auf der Flucht erschossen, Vom preu\u00dfischen Milit\u00e4r zum Pazifisten, ZEIT, April 1981<br \/>\n<a href=\"http:\/\/gutenberg.spiegel.de\/autor\/hans-paasche-452\">http:\/\/gutenberg.spiegel.de\/autor\/hans-paasche-452<\/a><br \/>\n<a href=\"http:\/\/dokumentix.ub.uni-siegen.de\/opus\/volltexte\/2015\/871\/pdf\/schreiber.pdf\">http:\/\/dokumentix.ub.uni-siegen.de\/opus\/volltexte\/2015\/871\/pdf\/schreiber.pdf<\/a><br \/>\n<a href=\"http:\/\/www.zeit.de\/1989\/48\/ein-plagiat-bekommt-recht\/seite-4\">http:\/\/www.zeit.de\/1989\/48\/ein-plagiat-bekommt-recht\/seite-4<\/a><br \/>\n<a href=\"http:\/\/www.figuren.miniatures.de\/vortrupp.html\">http:\/\/www.figuren.miniatures.de\/vortrupp.html<\/a><br \/>\n<a href=\"http:\/\/gutenberg.spiegel.de\/buch\/die-forschungsreise-des-afrikaners-lukanga-mukara-ins-innerste-deutschland-1915\/1\">http:\/\/gutenberg.spiegel.de\/buch\/die-forschungsreise-des-afrikaners-lukanga-mukara-ins-innerste-deutschland-1915\/1<\/a><br \/>\n<a href=\"http:\/\/gutenberg.spiegel.de\/buch\/-7145\/27\"><em>http:\/\/gutenberg.spiegel.de\/buch\/-7145\/27<\/em><\/a><br \/>\n<a href=\"http:\/\/www.spiegel.de\/einestages\/erster-freideutscher-jugendtag-1913-maedchen-und-knaben-miteinander-a-951067.html\">http:\/\/www.spiegel.de\/einestages\/erster-freideutscher-jugendtag-1913-maedchen-und-knaben-miteinander-a-951067.html<\/a><br \/>\n<a href=\"https:\/\/www.offenesbuch.com\/g120986\">https:\/\/www.offenesbuch.com\/g120986<\/a><br \/>\n<a href=\"http:\/\/www.transodra-online.net\/de\/node\/1946\">http:\/\/www.transodra-online.net\/de\/node\/1946<\/a><\/p>\n","protected":false},"excerpt":{"rendered":"<p>Da f\u00e4llt einem zuf\u00e4llig ein Buch in die H\u00e4nde mit dem Titel \u201eVortrupp, Halbmonatsschrift f\u00fcr das Deutschtum unserer Zeit\u201c, III. Jahrgang 1914. Aha, denken wir: Deutschtum! Da wissen wir ja gleich, worum es geht. Wir schlagen das Inhaltsverzeichnis auf und &hellip; <a href=\"http:\/\/win2014.de\/?p=3562\">Weiterlesen <span class=\"meta-nav\">&rarr;<\/span><\/a><\/p>\n","protected":false},"author":1,"featured_media":3573,"comment_status":"closed","ping_status":"open","sticky":false,"template":"","format":"standard","meta":[],"categories":[1,225,227],"tags":[34,236,244,245,45],"jetpack_featured_media_url":"http:\/\/win2014.de\/wp-content\/uploads\/vor.jpg","_links":{"self":[{"href":"http:\/\/win2014.de\/index.php?rest_route=\/wp\/v2\/posts\/3562"}],"collection":[{"href":"http:\/\/win2014.de\/index.php?rest_route=\/wp\/v2\/posts"}],"about":[{"href":"http:\/\/win2014.de\/index.php?rest_route=\/wp\/v2\/types\/post"}],"author":[{"embeddable":true,"href":"http:\/\/win2014.de\/index.php?rest_route=\/wp\/v2\/users\/1"}],"replies":[{"embeddable":true,"href":"http:\/\/win2014.de\/index.php?rest_route=%2Fwp%2Fv2%2Fcomments&post=3562"}],"version-history":[{"count":37,"href":"http:\/\/win2014.de\/index.php?rest_route=\/wp\/v2\/posts\/3562\/revisions"}],"predecessor-version":[{"id":4133,"href":"http:\/\/win2014.de\/index.php?rest_route=\/wp\/v2\/posts\/3562\/revisions\/4133"}],"wp:featuredmedia":[{"embeddable":true,"href":"http:\/\/win2014.de\/index.php?rest_route=\/wp\/v2\/media\/3573"}],"wp:attachment":[{"href":"http:\/\/win2014.de\/index.php?rest_route=%2Fwp%2Fv2%2Fmedia&parent=3562"}],"wp:term":[{"taxonomy":"category","embeddable":true,"href":"http:\/\/win2014.de\/index.php?rest_route=%2Fwp%2Fv2%2Fcategories&post=3562"},{"taxonomy":"post_tag","embeddable":true,"href":"http:\/\/win2014.de\/index.php?rest_route=%2Fwp%2Fv2%2Ftags&post=3562"}],"curies":[{"name":"wp","href":"https:\/\/api.w.org\/{rel}","templated":true}]}}