{"id":2924,"date":"2016-02-05T22:28:18","date_gmt":"2016-02-05T21:28:18","guid":{"rendered":"http:\/\/win2014.de\/?p=2924"},"modified":"2020-12-15T17:19:32","modified_gmt":"2020-12-15T16:19:32","slug":"warum-ist-das-fotoalbum-nur-halbvoll","status":"publish","type":"post","link":"http:\/\/win2014.de\/?p=2924","title":{"rendered":"Sag mir, wo die M\u00e4nner sind"},"content":{"rendered":"<p style=\"text-align: justify;\"><img loading=\"lazy\" class=\"alignnone size-full wp-image-2926\" src=\"http:\/\/win2014.de\/wp-content\/uploads\/m\u00e4nner.jpg\" alt=\"m\u00e4nner\" width=\"1072\" height=\"503\" srcset=\"http:\/\/win2014.de\/wp-content\/uploads\/m\u00e4nner.jpg 1072w, http:\/\/win2014.de\/wp-content\/uploads\/m\u00e4nner-300x141.jpg 300w, http:\/\/win2014.de\/wp-content\/uploads\/m\u00e4nner-1024x480.jpg 1024w\" sizes=\"(max-width: 1072px) 100vw, 1072px\" \/><em>Sag mir wo die M\u00e4nner sind, wo sind sie geblieben?<\/em><br \/>\nDieses Foto wurde 1923 aufgenommen &#8211; vier Jahre nach Kriegsende. Da muss man gar nicht lange fragen, wo die M\u00e4nner geblieben sind.\u00a0 Ein Blick auf diese alberne Gesellschaft reicht. Acht Frauen sind auf dem Foto zu sehen, zwei M\u00e4nner haben sich auch noch als Frauen verkleidet. Der einzige Mann in der Mitte scheint jenseits von Gut und B\u00f6se zu sein.<br \/>\nF\u00fcnf Jahre nach Kriegsende sind M\u00e4nner in Deutschland knapp. Fast drei Millionen sind bis 1918 als Soldaten oder Zivilisten get\u00f6tet worden. Fast auf jedem Foto, das nach 1918 entstanden ist, fragt man sich: Wer fehlt auf dem Bild? Wer fehlt auf unserem Familienfoto? Wie w\u00fcrde der gefallene Sohn jetzt aussehen? \u00a0Ja, und wer mag wohl bei diesem lustigen Waldausflug fehlen? Ein Bild der \u00dcberlebenden.<br \/>\n<!--more weiterlesen--><\/p>\n<p style=\"text-align: justify;\">Wie h\u00e4tte die Gesellschaft ausgesehen, wenn in den 20er Jahren all diese M\u00e4nner noch gelebt h\u00e4tten? In den Familien war die Trauer \u00fcber den Sohn, den Vater oder Schwager gro\u00df. Sie waren in den Krieg gezogen und kamen nicht zur\u00fcck. <em>Wann wird man je verstehen<\/em>, hei\u00dft es in dem ber\u00fchmten Lied von Pete Seeger.<\/p>\n<p style=\"text-align: justify;\">So manches Fotoalbum lag jetzt halbleer zu Hause in der Kommode, aber es wurden keine Bilder mehr eingeklebt. Eltern hatten oft ein sch\u00f6nes Album f\u00fcr ihren Sohn angelegt, in Leinen oder Leder gebunden, die Seiten schwarz mit durchsichtigen Zwischenbl\u00e4ttern. Mit wei\u00dfer Tinte hatten sie unter jedes Foto eine\u00a0 Zeile geschrieben &#8211; von der Geburt an \u00fcber die Taufe und Konfirmation bis zum Abitur. Wenn die Fotos den Sohn im Mittelpunkt von Familienfeiern zeigten oder vielleicht schon mit Arbeitskollegen \u2013 man war stolz auf ihn. Besonders stolz waren die Eltern meistens, wenn das erste Foto mit Uniform ins Album kam.<\/p>\n<p style=\"text-align: justify;\">Aber dann begann das Zeitalter der halbvollen Fotoalben. Wenn der Postbote einen offiziellen Brief vom Heereskommando brachte, wusste man: Ab jetzt gibt es keine weiteren Fotos des geliebten Sohnes. Wenn man Gl\u00fcck hatte, gab es als letztes \u201eLebenszeichen\u201c ein\u00a0Bild vom Grab. Was das f\u00fcr die Eltern bedeutete, hat\u00a0Kurt Tucholsky in seinem Gedicht <em>Der Graben<\/em> beschrieben:<\/p>\n<p style=\"text-align: justify;\"><em>Mutter, wozu hast du deinen aufgezogen?<\/em><br \/>\n<em> Hast dich zwanzig Jahr mit ihm gequ\u00e4lt?<\/em><br \/>\n<em> Wozu ist er dir in deinen Arm geflogen,<\/em><br \/>\n<em> und du hast ihm leise was erz\u00e4hlt?<\/em><br \/>\n<em> Bis sie ihn dir weggenommen haben.<\/em><br \/>\n<em> F\u00fcr den Graben, Mutter, f\u00fcr den Graben.<\/em><\/p>\n<div id=\"attachment_2942\" style=\"width: 3506px\" class=\"wp-caption alignnone\"><img aria-describedby=\"caption-attachment-2942\" loading=\"lazy\" class=\"wp-image-2942 size-full\" src=\"http:\/\/win2014.de\/wp-content\/uploads\/1.2.42.jpg\" alt=\"1.2.42\" width=\"3496\" height=\"2552\" srcset=\"http:\/\/win2014.de\/wp-content\/uploads\/1.2.42.jpg 3496w, http:\/\/win2014.de\/wp-content\/uploads\/1.2.42-300x219.jpg 300w, http:\/\/win2014.de\/wp-content\/uploads\/1.2.42-1024x747.jpg 1024w\" sizes=\"(max-width: 3496px) 100vw, 3496px\" \/><p id=\"caption-attachment-2942\" class=\"wp-caption-text\">Gro\u00dfes Geburtstagsfest f\u00fcr den j\u00fcngsten Sohn (1894)<\/p><\/div>\n<div id=\"attachment_2932\" style=\"width: 1642px\" class=\"wp-caption alignnone\"><img aria-describedby=\"caption-attachment-2932\" loading=\"lazy\" class=\"wp-image-2932 size-full\" src=\"http:\/\/win2014.de\/wp-content\/uploads\/sol_0001.jpg\" alt=\"sol_0001\" width=\"1632\" height=\"1032\" srcset=\"http:\/\/win2014.de\/wp-content\/uploads\/sol_0001.jpg 1632w, http:\/\/win2014.de\/wp-content\/uploads\/sol_0001-300x190.jpg 300w, http:\/\/win2014.de\/wp-content\/uploads\/sol_0001-1024x648.jpg 1024w\" sizes=\"(max-width: 1632px) 100vw, 1632px\" \/><p id=\"caption-attachment-2932\" class=\"wp-caption-text\">Einschulung (1895)<\/p><\/div>\n<div id=\"attachment_2941\" style=\"width: 3385px\" class=\"wp-caption alignnone\"><img aria-describedby=\"caption-attachment-2941\" loading=\"lazy\" class=\"wp-image-2941 size-full\" src=\"http:\/\/win2014.de\/wp-content\/uploads\/01-4.jpg\" alt=\"01 (4)\" width=\"3375\" height=\"2179\" srcset=\"http:\/\/win2014.de\/wp-content\/uploads\/01-4.jpg 3375w, http:\/\/win2014.de\/wp-content\/uploads\/01-4-300x194.jpg 300w, http:\/\/win2014.de\/wp-content\/uploads\/01-4-1024x661.jpg 1024w\" sizes=\"(max-width: 3375px) 100vw, 3375px\" \/><p id=\"caption-attachment-2941\" class=\"wp-caption-text\">In der vierten Klasse (1899)<\/p><\/div>\n<div id=\"attachment_2934\" style=\"width: 1022px\" class=\"wp-caption alignnone\"><img aria-describedby=\"caption-attachment-2934\" loading=\"lazy\" class=\"wp-image-2934 size-full\" src=\"http:\/\/win2014.de\/wp-content\/uploads\/sol_0003.jpg\" alt=\"sol_0003\" width=\"1012\" height=\"1596\" srcset=\"http:\/\/win2014.de\/wp-content\/uploads\/sol_0003.jpg 1012w, http:\/\/win2014.de\/wp-content\/uploads\/sol_0003-190x300.jpg 190w, http:\/\/win2014.de\/wp-content\/uploads\/sol_0003-649x1024.jpg 649w\" sizes=\"(max-width: 1012px) 100vw, 1012px\" \/><p id=\"caption-attachment-2934\" class=\"wp-caption-text\">Der Student (1910)<\/p><\/div>\n<div id=\"attachment_2933\" style=\"width: 1050px\" class=\"wp-caption alignnone\"><img aria-describedby=\"caption-attachment-2933\" loading=\"lazy\" class=\"wp-image-2933 size-full\" src=\"http:\/\/win2014.de\/wp-content\/uploads\/sol_0002.jpg\" alt=\"sol_0002\" width=\"1040\" height=\"1632\" srcset=\"http:\/\/win2014.de\/wp-content\/uploads\/sol_0002.jpg 1040w, http:\/\/win2014.de\/wp-content\/uploads\/sol_0002-191x300.jpg 191w, http:\/\/win2014.de\/wp-content\/uploads\/sol_0002-653x1024.jpg 653w\" sizes=\"(max-width: 1040px) 100vw, 1040px\" \/><p id=\"caption-attachment-2933\" class=\"wp-caption-text\">Die Verlobung (1913)<\/p><\/div>\n<div id=\"attachment_2931\" style=\"width: 2175px\" class=\"wp-caption alignnone\"><img aria-describedby=\"caption-attachment-2931\" loading=\"lazy\" class=\"wp-image-2931 size-full\" src=\"http:\/\/win2014.de\/wp-content\/uploads\/mm_0010.jpg\" alt=\"mm_0010\" width=\"2165\" height=\"1386\" srcset=\"http:\/\/win2014.de\/wp-content\/uploads\/mm_0010.jpg 2165w, http:\/\/win2014.de\/wp-content\/uploads\/mm_0010-300x192.jpg 300w, http:\/\/win2014.de\/wp-content\/uploads\/mm_0010-1024x656.jpg 1024w\" sizes=\"(max-width: 2165px) 100vw, 2165px\" \/><p id=\"caption-attachment-2931\" class=\"wp-caption-text\">Der Stellungsbefehl und die Einberufung (1914)<\/p><\/div>\n<div id=\"attachment_2936\" style=\"width: 725px\" class=\"wp-caption alignnone\"><img aria-describedby=\"caption-attachment-2936\" loading=\"lazy\" class=\"wp-image-2936 size-full\" src=\"http:\/\/win2014.de\/wp-content\/uploads\/sol_0005.jpg\" alt=\"sol_0005\" width=\"715\" height=\"1024\" srcset=\"http:\/\/win2014.de\/wp-content\/uploads\/sol_0005.jpg 715w, http:\/\/win2014.de\/wp-content\/uploads\/sol_0005-209x300.jpg 209w\" sizes=\"(max-width: 715px) 100vw, 715px\" \/><p id=\"caption-attachment-2936\" class=\"wp-caption-text\">Vor dem Abmarsch an die Front (1914)<\/p><\/div>\n<div id=\"attachment_2938\" style=\"width: 1638px\" class=\"wp-caption alignnone\"><img aria-describedby=\"caption-attachment-2938\" loading=\"lazy\" class=\"wp-image-2938 size-full\" src=\"http:\/\/win2014.de\/wp-content\/uploads\/sol_0007.jpg\" alt=\"sol_0007\" width=\"1628\" height=\"690\" srcset=\"http:\/\/win2014.de\/wp-content\/uploads\/sol_0007.jpg 1628w, http:\/\/win2014.de\/wp-content\/uploads\/sol_0007-300x127.jpg 300w, http:\/\/win2014.de\/wp-content\/uploads\/sol_0007-1024x434.jpg 1024w\" sizes=\"(max-width: 1628px) 100vw, 1628px\" \/><p id=\"caption-attachment-2938\" class=\"wp-caption-text\">Warten auf den ersten Fronteinsatz (1915)<\/p><\/div>\n<div id=\"attachment_1671\" style=\"width: 950px\" class=\"wp-caption alignnone\"><img aria-describedby=\"caption-attachment-1671\" loading=\"lazy\" class=\"wp-image-1671 size-full\" src=\"http:\/\/win2014.de\/wp-content\/uploads\/2014\/12\/cropped-mm-028-Kopie.jpg\" alt=\"cropped-mm-028-Kopie.jpg\" width=\"940\" height=\"420\" srcset=\"http:\/\/win2014.de\/wp-content\/uploads\/2014\/12\/cropped-mm-028-Kopie.jpg 940w, http:\/\/win2014.de\/wp-content\/uploads\/2014\/12\/cropped-mm-028-Kopie-300x134.jpg 300w\" sizes=\"(max-width: 940px) 100vw, 940px\" \/><p id=\"caption-attachment-1671\" class=\"wp-caption-text\">In der Gefechtspause (1915)<\/p><\/div>\n<div id=\"attachment_2939\" style=\"width: 992px\" class=\"wp-caption alignnone\"><img aria-describedby=\"caption-attachment-2939\" loading=\"lazy\" class=\"wp-image-2939 size-full\" src=\"http:\/\/win2014.de\/wp-content\/uploads\/sol_0008.jpg\" alt=\"sol_0008\" width=\"982\" height=\"1393\" srcset=\"http:\/\/win2014.de\/wp-content\/uploads\/sol_0008.jpg 982w, http:\/\/win2014.de\/wp-content\/uploads\/sol_0008-211x300.jpg 211w, http:\/\/win2014.de\/wp-content\/uploads\/sol_0008-722x1024.jpg 722w\" sizes=\"(max-width: 982px) 100vw, 982px\" \/><p id=\"caption-attachment-2939\" class=\"wp-caption-text\">Gefallen (1915)<\/p><\/div>\n<div id=\"attachment_2940\" style=\"width: 1049px\" class=\"wp-caption alignnone\"><img aria-describedby=\"caption-attachment-2940\" loading=\"lazy\" class=\"wp-image-2940 size-full\" src=\"http:\/\/win2014.de\/wp-content\/uploads\/tp_0009-e1454703699625.jpg\" alt=\"tp_0009\" width=\"1039\" height=\"771\" srcset=\"http:\/\/win2014.de\/wp-content\/uploads\/tp_0009-e1454703699625.jpg 1039w, http:\/\/win2014.de\/wp-content\/uploads\/tp_0009-e1454703699625-300x223.jpg 300w, http:\/\/win2014.de\/wp-content\/uploads\/tp_0009-e1454703699625-1024x760.jpg 1024w\" sizes=\"(max-width: 1039px) 100vw, 1039px\" \/><p id=\"caption-attachment-2940\" class=\"wp-caption-text\">Das letzte Foto<\/p><\/div>\n<p class=\"verse\"><em>Sag mir, wo die Blumen sind,<\/em><br \/>\n<em> wo sind sie geblieben?<\/em><br \/>\n<em> Sag mir, wo die Blumen sind,<\/em><br \/>\n<em> was ist geschehn?<\/em><br \/>\n<em> Sag mir, wo die Blumen sind,<\/em><br \/>\n<em> M\u00e4dchen pfl\u00fcckten sie geschwind.<\/em><br \/>\n<em> Wann wird man je verstehn,<\/em><br \/>\n<em> wann wird man je verstehn?<\/em><\/p>\n<p class=\"verse\"><em>Sag mir, wo die M\u00e4dchen sind<\/em><br \/>\n<em> wo sind sie geblieben?<\/em><br \/>\n<em> Sag mir, wo die M\u00e4dchen sind<\/em><br \/>\n<em> was ist geschehn?<\/em><br \/>\n<em> Sag mir, wo die M\u00e4dchen sind<\/em><br \/>\n<em> M\u00e4nner nahmen sie geschwind.<\/em><br \/>\n<em> Wann wird man je verstehn,<\/em><br \/>\n<em> wann wird man je verstehn?<\/em><\/p>\n<p class=\"verse\"><em>Sag mir, wo die M\u00e4nner sind<\/em><br \/>\n<em> wo sind sie geblieben?<\/em><br \/>\n<em> Sag mir, wo die M\u00e4nner sind<\/em><br \/>\n<em> was ist geschehn?<\/em><br \/>\n<em> Sag mir, wo die M\u00e4nner sind<\/em><br \/>\n<em> Zogen fort, der Krieg beginnt.<\/em><br \/>\n<em> Wann wird man je verstehn,<\/em><br \/>\n<em> wann wird man je verstehn?<\/em><\/p>\n<p class=\"verse\"><em>Sag mir, wo die Soldaten sind<\/em><br \/>\n<em> wo sind sie geblieben?<\/em><br \/>\n<em> Sag mir, wo die Soldaten sind<\/em><br \/>\n<em> was ist geschehn?<\/em><br \/>\n<em> Sag mir, wo die Soldaten sind<\/em><br \/>\n<em> \u00dcber Gr\u00e4bern weht der Wind.<\/em><br \/>\n<em> Wann wird man je verstehn,<\/em><br \/>\n<em> wann wird man je verstehn?<\/em><\/p>\n<p class=\"verse\"><img loading=\"lazy\" class=\"size-large wp-image-2945 aligncenter\" src=\"http:\/\/win2014.de\/wp-content\/uploads\/cropped-mm_0008-847x1024.jpg\" alt=\"cropped-mm_0008.jpg\" width=\"640\" height=\"774\" srcset=\"http:\/\/win2014.de\/wp-content\/uploads\/cropped-mm_0008-847x1024.jpg 847w, http:\/\/win2014.de\/wp-content\/uploads\/cropped-mm_0008-248x300.jpg 248w, http:\/\/win2014.de\/wp-content\/uploads\/cropped-mm_0008.jpg 940w\" sizes=\"(max-width: 640px) 100vw, 640px\" \/><em>Where have all the graveyards gone?<\/em><br \/>\n<em> Cowered with flowers every one<\/em><br \/>\n<em> When will they ever learn?<\/em><br \/>\n<em> When will they ever learn?<\/em><br \/>\n<em>\u00a0\u00a0\u00a0\u00a0\u00a0\u00a0\u00a0\u00a0\u00a0\u00a0\u00a0\u00a0\u00a0\u00a0\u00a0\u00a0\u00a0\u00a0\u00a0\u00a0\u00a0\u00a0\u00a0\u00a0\u00a0\u00a0\u00a0\u00a0\u00a0\u00a0\u00a0\u00a0\u00a0\u00a0 <\/em>Pete Seeger (1955)<\/p>\n<p><iframe loading=\"lazy\" src=\"https:\/\/www.youtube.com\/embed\/aLAxbQxyJSQ\" width=\"560\" height=\"315\" frameborder=\"0\" allowfullscreen=\"allowfullscreen\"><\/iframe><\/p>\n<p class=\"verse\" style=\"text-align: justify;\">Vor 100 Jahren begann die Schlacht um Verdun. Am 21. Februar 1916 griffen deutsche Truppen die Stadt und ihre Befestigungen an. Fast ein Jahr dauerte der Stellungskrieg &#8211; ohne wesentliche Verschiebung des Frontverlaufs. In der Umgebung von Verdun gibt es heute 29 deutsche Soldatenfriedh\u00f6fe mit 75.000 gefallenen Soldaten.<\/p>\n<div id=\"attachment_2967\" style=\"width: 880px\" class=\"wp-caption alignnone\"><img aria-describedby=\"caption-attachment-2967\" loading=\"lazy\" class=\"wp-image-2967 size-full\" src=\"http:\/\/win2014.de\/wp-content\/uploads\/sol-2a.jpg\" alt=\"sol 2a\" width=\"870\" height=\"624\" srcset=\"http:\/\/win2014.de\/wp-content\/uploads\/sol-2a.jpg 870w, http:\/\/win2014.de\/wp-content\/uploads\/sol-2a-300x215.jpg 300w\" sizes=\"(max-width: 870px) 100vw, 870px\" \/><p id=\"caption-attachment-2967\" class=\"wp-caption-text\">Welche M\u00e4nner fehlen auf diesem Bild von 1923?<\/p><\/div>\n<p class=\"verse\">\n","protected":false},"excerpt":{"rendered":"<p>Sag mir wo die M\u00e4nner sind, wo sind sie geblieben? Dieses Foto wurde 1923 aufgenommen &#8211; vier Jahre nach Kriegsende. Da muss man gar nicht lange fragen, wo die M\u00e4nner geblieben sind.\u00a0 Ein Blick auf diese alberne Gesellschaft reicht. Acht &hellip; <a href=\"http:\/\/win2014.de\/?p=2924\">Weiterlesen <span class=\"meta-nav\">&rarr;<\/span><\/a><\/p>\n","protected":false},"author":1,"featured_media":2937,"comment_status":"closed","ping_status":"closed","sticky":false,"template":"","format":"standard","meta":[],"categories":[1],"tags":[213,79],"jetpack_featured_media_url":"http:\/\/win2014.de\/wp-content\/uploads\/sol_0006.jpg","_links":{"self":[{"href":"http:\/\/win2014.de\/index.php?rest_route=\/wp\/v2\/posts\/2924"}],"collection":[{"href":"http:\/\/win2014.de\/index.php?rest_route=\/wp\/v2\/posts"}],"about":[{"href":"http:\/\/win2014.de\/index.php?rest_route=\/wp\/v2\/types\/post"}],"author":[{"embeddable":true,"href":"http:\/\/win2014.de\/index.php?rest_route=\/wp\/v2\/users\/1"}],"replies":[{"embeddable":true,"href":"http:\/\/win2014.de\/index.php?rest_route=%2Fwp%2Fv2%2Fcomments&post=2924"}],"version-history":[{"count":35,"href":"http:\/\/win2014.de\/index.php?rest_route=\/wp\/v2\/posts\/2924\/revisions"}],"predecessor-version":[{"id":4146,"href":"http:\/\/win2014.de\/index.php?rest_route=\/wp\/v2\/posts\/2924\/revisions\/4146"}],"wp:featuredmedia":[{"embeddable":true,"href":"http:\/\/win2014.de\/index.php?rest_route=\/wp\/v2\/media\/2937"}],"wp:attachment":[{"href":"http:\/\/win2014.de\/index.php?rest_route=%2Fwp%2Fv2%2Fmedia&parent=2924"}],"wp:term":[{"taxonomy":"category","embeddable":true,"href":"http:\/\/win2014.de\/index.php?rest_route=%2Fwp%2Fv2%2Fcategories&post=2924"},{"taxonomy":"post_tag","embeddable":true,"href":"http:\/\/win2014.de\/index.php?rest_route=%2Fwp%2Fv2%2Ftags&post=2924"}],"curies":[{"name":"wp","href":"https:\/\/api.w.org\/{rel}","templated":true}]}}