{"id":2817,"date":"2016-01-26T19:46:11","date_gmt":"2016-01-26T18:46:11","guid":{"rendered":"http:\/\/win2014.de\/?p=2817"},"modified":"2016-12-12T23:07:08","modified_gmt":"2016-12-12T22:07:08","slug":"nochn-gedicht","status":"publish","type":"post","link":"http:\/\/win2014.de\/?p=2817","title":{"rendered":"Noch&#8217;n Gedicht"},"content":{"rendered":"<p style=\"text-align: justify;\">Kaum hatte der Krieg am 1. August angefangen, da entpuppten sich Tausende von Soldaten als wahre Lyriker. Vor allem die Anfangsmonate brachten eine F\u00fclle an kriegerischen Jubelgedichten hervor. Der Literaturkritiker Julius Bab sch\u00e4tzte f\u00fcr die ersten Kriegswochen die Zahl der Gedichte, die t\u00e4glich in den Redaktionen von Zeitungen eingingen, auf rund 50.000. Schon 1914 wurde in Freiburg das Deutschen Volksliedarchiv gegr\u00fcndet, wo die w\u00e4hrend des Krieges entstandenen Lieder und Gedichte gesammelt wurden. <span style=\"font-size: 10pt;\"><em><a href=\"http:\/\/www.1914-2014.eu\/index.php\/aktionen\/59-lieder-und-gedichte-aus-dem-1-weltkrieg\">http:\/\/www.1914-2014.eu\/index.php\/aktionen\/59-lieder-und-gedichte-aus-dem-1-weltkrieg<\/a><\/em><\/span><\/p>\n<p style=\"text-align: justify;\"><!--more weiterlesen-->Auf Postkarten und Feldpostbriefen haben die Soldaten die Gedichtform genutzt, um ihre unmittelbaren Fronterlebnisse zu verarbeiten. Diese Kriegsgedichte wurden in der Heimat oft vertont und gelegentlich \u00f6ffentlich vorgetragen.<\/p>\n<p style=\"text-align: justify;\">Besonders sch\u00f6ne Verse fanden so viel Anerkennung, dass sie auf Postkarten gedruckt wurden. Hieran beteiligten sich auch die Profis, die dichtenden Redakteure der Zeitungen, und wetteiferten mit den Frontsoldaten um die sch\u00f6nsten Verse f\u00fcr das Vaterland, die Ehre, den Kaiser und die Allmacht der Liebe, Treue usw.. Besonders eifrig und manchmal auch mit unfreiwilliger Komik wurde gedichtet, wenn es zu sp\u00e4t war.<\/p>\n<p style=\"text-align: justify;\"><em>Wenn Liebe k\u00f6nnte Wunder tun<\/em><br \/>\n<em>Und Tr\u00e4nen Tote wecken. <\/em><br \/>\n<em>Dann w\u00fcrde dich gewi\u00df nicht hier<\/em><br \/>\n<em>Die fremde Erde decken.<\/em><\/p>\n<p style=\"text-align: justify;\"><img loading=\"lazy\" class=\"alignnone size-full wp-image-2820\" src=\"http:\/\/win2014.de\/wp-content\/uploads\/postka30.gif\" alt=\"postka30\" width=\"720\" height=\"456\" \/><\/p>\n<p style=\"text-align: justify;\"><img loading=\"lazy\" class=\"alignnone size-full wp-image-2818\" src=\"http:\/\/win2014.de\/wp-content\/uploads\/Argonnenmald-Poem.jpg\" alt=\"Argonnenmald Poem\" width=\"804\" height=\"520\" srcset=\"http:\/\/win2014.de\/wp-content\/uploads\/Argonnenmald-Poem.jpg 804w, http:\/\/win2014.de\/wp-content\/uploads\/Argonnenmald-Poem-300x194.jpg 300w\" sizes=\"(max-width: 804px) 100vw, 804px\" \/><\/p>\n<p style=\"text-align: justify;\"><img loading=\"lazy\" class=\"size-full wp-image-2819 aligncenter\" src=\"http:\/\/win2014.de\/wp-content\/uploads\/postka29.gif\" alt=\"postka29\" width=\"330\" height=\"491\" \/><\/p>\n","protected":false},"excerpt":{"rendered":"<p>Kaum hatte der Krieg am 1. August angefangen, da entpuppten sich Tausende von Soldaten als wahre Lyriker. Vor allem die Anfangsmonate brachten eine F\u00fclle an kriegerischen Jubelgedichten hervor. Der Literaturkritiker Julius Bab sch\u00e4tzte f\u00fcr die ersten Kriegswochen die Zahl der &hellip; <a href=\"http:\/\/win2014.de\/?p=2817\">Weiterlesen <span class=\"meta-nav\">&rarr;<\/span><\/a><\/p>\n","protected":false},"author":1,"featured_media":2761,"comment_status":"open","ping_status":"open","sticky":false,"template":"","format":"standard","meta":[],"categories":[1,222,226],"tags":[29,14,238,6,45],"jetpack_featured_media_url":"http:\/\/win2014.de\/wp-content\/uploads\/kriegser.jpg","_links":{"self":[{"href":"http:\/\/win2014.de\/index.php?rest_route=\/wp\/v2\/posts\/2817"}],"collection":[{"href":"http:\/\/win2014.de\/index.php?rest_route=\/wp\/v2\/posts"}],"about":[{"href":"http:\/\/win2014.de\/index.php?rest_route=\/wp\/v2\/types\/post"}],"author":[{"embeddable":true,"href":"http:\/\/win2014.de\/index.php?rest_route=\/wp\/v2\/users\/1"}],"replies":[{"embeddable":true,"href":"http:\/\/win2014.de\/index.php?rest_route=%2Fwp%2Fv2%2Fcomments&post=2817"}],"version-history":[{"count":4,"href":"http:\/\/win2014.de\/index.php?rest_route=\/wp\/v2\/posts\/2817\/revisions"}],"predecessor-version":[{"id":4149,"href":"http:\/\/win2014.de\/index.php?rest_route=\/wp\/v2\/posts\/2817\/revisions\/4149"}],"wp:featuredmedia":[{"embeddable":true,"href":"http:\/\/win2014.de\/index.php?rest_route=\/wp\/v2\/media\/2761"}],"wp:attachment":[{"href":"http:\/\/win2014.de\/index.php?rest_route=%2Fwp%2Fv2%2Fmedia&parent=2817"}],"wp:term":[{"taxonomy":"category","embeddable":true,"href":"http:\/\/win2014.de\/index.php?rest_route=%2Fwp%2Fv2%2Fcategories&post=2817"},{"taxonomy":"post_tag","embeddable":true,"href":"http:\/\/win2014.de\/index.php?rest_route=%2Fwp%2Fv2%2Ftags&post=2817"}],"curies":[{"name":"wp","href":"https:\/\/api.w.org\/{rel}","templated":true}]}}