{"id":2561,"date":"2015-12-11T22:09:52","date_gmt":"2015-12-11T21:09:52","guid":{"rendered":"http:\/\/win2014.de\/?p=2561"},"modified":"2020-12-26T09:23:41","modified_gmt":"2020-12-26T08:23:41","slug":"1915-weihnachtshass","status":"publish","type":"post","link":"http:\/\/win2014.de\/?p=2561","title":{"rendered":"Weihnachtshass 1915"},"content":{"rendered":"<p style=\"text-align: justify;\"><strong>Weihnachten 1914 \u2013 da soll es tats\u00e4chlich ein bisschen nach Frieden ausgesehen haben. \u00dcberall im Lande l\u00e4uteten in der Heimat die Glocken in der Hoffnung auf ein baldiges Kriegsende im kommenden Jahr. An der Front schwiegen f\u00fcr ein paar Augenblicke die Waffen. Hier und da haben englische und deutsche Soldaten gemeinsam Weihnachtslieder gesungen und sogar miteinander Fu\u00dfball gespielt. Wenn es nach diesen einfachen Soldaten gegangen w\u00e4re, w\u00e4re sp\u00e4testens Silvester Schluss mit dem Krieg gewesen. Oder er h\u00e4tte gar nicht erst anfangen sollen. Aber wie wir wissen, kam 1915 alles ganz anders.<\/strong><!--more weiterlesen--><\/p>\n<p style=\"text-align: justify;\">Ein Jahr sp\u00e4ter gab es solche kleinen Begegnungen nicht mehr. Die Front, die Sch\u00fctzengr\u00e4ben und das Schlachtfeld waren auf beiden Seiten mit hunderttausenden Toten bedeckt. Stattdessen gab es von nationalistischen Fanatikern kriegshetzerische Aufrufe, Pamphlete und Gedichte, die alle Schuld f\u00fcr diesen Krieg dem Feind zuschoben. Auch der Kaiser und seine Regierung schimpften \u00fcber die \u201eDrachensaat hinterlistiger Feinde\u201c. Aufs Neue \u2013 so hie\u00df es &#8211; haben es die Feinde Deutschlands verstanden, die Kriegsfackel weiterzutragen und neue lodernde Br\u00e4nde zu entz\u00fcnden.<\/p>\n<p style=\"text-align: justify;\">Ein Beispiel f\u00fcr solche beispiellose Hetze und unvorstellbare Verbohrtheit findet man in der Zeitschrift DEUTSCHLAND. Diese Zeitschrift war im Kaiserreich das offizielle Mitteilungsblatt f\u00fcr mehrere Verkehrsverb\u00e4nde im ganzen Reich. Ein ziemlich aufw\u00e4ndig gedrucktes Blatt, das durch den Internationalen Hotelbesitzer-Verein e. V. K\u00f6ln gegr\u00fcndet worden war.<\/p>\n<p style=\"text-align: justify;\"><img loading=\"lazy\" class=\"alignnone size-full wp-image-2564\" src=\"http:\/\/win2014.de\/wp-content\/uploads\/2015\/12\/hei_0002-Kopie-Kopie-1024x367.jpg\" alt=\"hei_0002-Kopie-Kopie-1024x367\" width=\"1024\" height=\"367\" srcset=\"http:\/\/win2014.de\/wp-content\/uploads\/2015\/12\/hei_0002-Kopie-Kopie-1024x367.jpg 1024w, http:\/\/win2014.de\/wp-content\/uploads\/2015\/12\/hei_0002-Kopie-Kopie-1024x367-300x108.jpg 300w, http:\/\/win2014.de\/wp-content\/uploads\/2015\/12\/hei_0002-Kopie-Kopie-1024x367-768x275.jpg 768w\" sizes=\"(max-width: 1024px) 100vw, 1024px\" \/><\/p>\n<p style=\"text-align: justify;\">Unter dem Deckmantel der Heimatkunde und Heimatliebe hat dieses Blatt seit Kriegsbeginn Monat f\u00fcr Monat den Krieg sch\u00f6ngeredet, glorifiziert und den Leser mit l\u00fcgenhafter Propaganda \u00fcbersch\u00fcttet.<\/p>\n<p style=\"text-align: justify;\">Im Dezemberheft 1915 finden wir nun die Weihnachtsgedanken von Dr. Friedrich Castelle, dem Chefredakteur. Mit der \u00dcberschrift \u201eFriede, Friede auf der Erde!\u201c liefert er ein unversch\u00e4mtes Pamphlet ab. Damit h\u00e4tte sich Friedrich Castelle durchaus bei Propagandaminister Goebbels bewerben k\u00f6nnen, und er w\u00e4re genommen worden. Aber Goebbels gab es ja noch nicht. Aber vieles von dem, was Goebbels sp\u00e4ter draufhatte, ist hier schon vorhanden. <img loading=\"lazy\" class=\" wp-image-2563 alignright\" src=\"http:\/\/win2014.de\/wp-content\/uploads\/2015\/12\/Castelle-211x300.jpg\" alt=\"Castelle\" width=\"255\" height=\"362\" srcset=\"http:\/\/win2014.de\/wp-content\/uploads\/2015\/12\/Castelle-211x300.jpg 211w, http:\/\/win2014.de\/wp-content\/uploads\/2015\/12\/Castelle-768x1091.jpg 768w, http:\/\/win2014.de\/wp-content\/uploads\/2015\/12\/Castelle-721x1024.jpg 721w, http:\/\/win2014.de\/wp-content\/uploads\/2015\/12\/Castelle.jpg 828w\" sizes=\"(max-width: 255px) 100vw, 255px\" \/>Tats\u00e4chlich ist dieser eher unbekannte Dr. Castelle ab 1933 stramm auf NS-Ideologie eingeschwenkt und hat wie so viele kleine Provinzlichter daf\u00fcr gesorgt, dass Hitler und Goebbels mit ihren Welteroberungsgedanken nicht allein dastanden.<\/p>\n<p style=\"text-align: justify;\">In der Stadt M\u00fcnster gibt es eine kleine Stra\u00dfe, die nach diesem Friedrich Castelle benannt ist. Es gab vor drei Jahren ein paar wache B\u00fcrger, die eine Namens\u00e4nderung forderten. Die Bezirksvertretung hat es aber abgelehnt, den Castelleweg umzubenennen. Vielleicht h\u00e4tten sich diese B\u00fcrgervertreter anders entschieden, wenn sie die folgende Hetzrede im Wortlaut gekannt h\u00e4tten.<\/p>\n<p style=\"text-align: justify;\"><span style=\"font-size: 18pt; font-family: impact,sans-serif;\"><span style=\"color: #003300;\">\u201eFriede, Friede auf der Erde!\u201c<\/span><\/span><br \/>\n<span style=\"color: #003300;\"><strong><span style=\"font-family: trebuchet ms,geneva,sans-serif;\"> Weihnachtsgedanken von Dr. Friedrich Castelle<\/span><\/strong><\/span><br \/>\n<span style=\"color: #003300;\"><strong><span style=\"font-family: trebuchet ms,geneva,sans-serif;\"> Dezember 1915<\/span><\/strong><\/span><\/p>\n<p style=\"text-align: justify;\"><span style=\"font-family: arial,helvetica,sans-serif; color: #003300;\">Als vor Jahresfrist deutsche Weihnachtsglocken die ewig junge Kunde von der. Erneuerung der Menschheit, von der Erf\u00fcllung der uralten ewigen Menschheitssehnsucht nach Erl\u00f6sung \u00fcber die verschneiten deutschen Lande einhertrugen, da stand unser Volk in dem ersch\u00fctternden Banne der Weltgeschehnisse, die seit vier langen Monaten ganz Europa aus den Angeln gehoben hatten. Willig und ergeben in das werdende Schicksal \u00fcberh\u00f6rte die Menschheit die weichen, vollen Friedenskl\u00e4nge der Glocken, die sonst die Welt f\u00fcr eine kurze Zeit all dem Wirrwarr und all den Lasten und M\u00fchseligkeiten des Erdendaseins entf\u00fchren und sie zur\u00fcckversetzen in die sorglose, trauliche Kindheit.<\/span><\/p>\n<p style=\"text-align: justify;\"><span style=\"font-family: arial,helvetica,sans-serif; color: #003300;\">Niemand konnte und durfte an Frieden denken, denn auf allen Kriegsschaupl\u00e4tzen standen sich die eisenstarrenden Massen in schier unbezwinglicher Macht und un\u00fcberwindlicher Wucht gegen\u00fcber. Die Drachensaat hinterlistiger Feinde war \u00fcppig aufgegangen, und noch mu\u00dfte schwere, m\u00fchselige Schwerstarbeit verrichtet werden, ehe das drohende Verderben niedergem\u00e4ht war.<\/span><\/p>\n<p style=\"text-align: justify;\"><span style=\"font-family: arial,helvetica,sans-serif; color: #003300;\">Und heute? Vor Jahresfrist waren die Weihnachtsglocken f\u00fcr das deutsche Volk die heimliche Kunde des zuversichtlich erwarteten Weltfriedens. Jeder dachte, jeder hoffte, da\u00df sich der Kreislauf des Jahres nicht mehr vollenden w\u00fcrde in dem ehernen kriegerischen Ring, der Europa umspannte.<\/span><\/p>\n<p style=\"text-align: justify;\"><span style=\"font-family: arial,helvetica,sans-serif; color: #003300;\"> <img loading=\"lazy\" class=\"alignnone size-full wp-image-2589\" src=\"http:\/\/win2014.de\/wp-content\/uploads\/2015\/12\/15-Kopie-2.jpg\" alt=\"15 - Kopie (2)\" width=\"674\" height=\"430\" srcset=\"http:\/\/win2014.de\/wp-content\/uploads\/2015\/12\/15-Kopie-2.jpg 674w, http:\/\/win2014.de\/wp-content\/uploads\/2015\/12\/15-Kopie-2-300x191.jpg 300w\" sizes=\"(max-width: 674px) 100vw, 674px\" \/><\/span><\/p>\n<p style=\"text-align: justify;\"><span style=\"font-family: arial,helvetica,sans-serif; color: #003300;\">Jeder w\u00fcnschte, da\u00df das blutige Ringen nur noch nach Tagen und Wochen oder h\u00f6chstens Monaten z\u00e4hlen m\u00f6chte. Dieser Wunsch hat sich bis zur Stunde, da diese Weihnachtsgedanken niedergeschrieben werden, noch nicht verwirklichen lassen.<\/span><\/p>\n<p style=\"text-align: justify;\"><span style=\"font-family: arial,helvetica,sans-serif; color: #003300;\"> Aufs neue haben es die Feinde Deutschlands verstanden, die Kriegsfackel weiterzutragen und neue lodernde Br\u00e4nde zu entz\u00fcnden. Im Herzen Europas stehen wie zwei gewaltige Mauern, von Riesenf\u00e4usten aufget\u00fcrmt die Heere einander gegen\u00fcber und halten blutige Wacht um jeden Fu\u00dfbreit Bodens. Aber zwischen diesen Mauern ziehen die V\u00f6lker Mitteleuropas, wie vor Jahrtausenden die Kinder Israels durch das Rote Meer, ruhig und sicher ihre V\u00f6lkerstra\u00dfe vom Nordmeer bis zum Mittelmeer, und keine feindliche Macht hat sie daran hindern k\u00f6nnen. Dennoch w\u00fctet der Weltkrieg weiter, immer weiter nach S\u00fcden zu bis an die fernsten Grenzen der europ\u00e4ischen Kultur. Was werden wird, wie lange dieses Aufreiben und Vernichten heiliger Volksg\u00fcter noch dauern soll, wer mag es entr\u00e4tseln im gegenw\u00e4rtigen Augenblick!<\/span><\/p>\n<p style=\"text-align: justify;\"><span style=\"font-family: trebuchet ms,geneva,sans-serif; color: #003300;\"><span style=\"font-family: arial,helvetica,sans-serif;\">Wieder einmal r\u00fcsten wir uns darum, ergeben in das allm\u00e4chtig waltende Schicksal, zu einer eisernen Weihnacht. Nicht verzagt und nicht unmutig entz\u00fcnden wir die traulichen Lichter, sondern festen Muts und der zuversichtlichen Hoffnung voll, da\u00df die gute Sache, das alte heilige deutsche Recht siegen werden in diesem Ringen der V\u00f6lker um ihren Bestand und um ihre Zukunft. Trotzige Entschlossenheit und m\u00e4nnliche Lebenskraft lassen uns immer wieder emporsteigen \u00fcber Tod und Tr\u00e4nen der leuchtenden Zukunft unseres Volkes entgegen.<\/span><\/span><\/p>\n<p style=\"text-align: justify;\"><span style=\"font-family: arial,helvetica,sans-serif; color: #003300;\">Und hoch oben auf der treuen deutschen Weihnachtstanne funkelt auch in diesem Jahr wieder der Stern der frohen Hoffnung, und sein heller, reiner Schimmer ist uns so recht das Abbild unseres ganzen deutschen Wesens, das nicht getr\u00fcbt werden kann durch Geschehnisse von au\u00dfen, m\u00f6gen sie auch noch so wuchtig, noch so blutig, noch so niederschmetternd sein f\u00fcr den einzelnen wie f\u00fcr das ganze Volk.<\/span><\/p>\n<p style=\"text-align: justify;\"><span style=\"font-family: arial,helvetica,sans-serif; color: #003300;\">Euch da drau\u00dfen, ihr Br\u00fcder, die ihr in den S\u00fcmpfen Ru\u00dflands, die ihr auf den verschneiten Vogesenbergen, auf den eisstarrenden H\u00f6hen des Balkans die Weihnachtswacht haltet, euch gilt in diesem Jahr hundert- und tausendfach unser Weihnachtsgru\u00df. Keiner von uns im Heimatlande kann auch nur im geringsten ermessen und nacherleben, was ihr f\u00fcr uns und unser Vaterland erduldet und ertragt. Keiner von uns, mag er k\u00f6rperlich oder geistig noch so tief ersch\u00fcttert werden von dem Schicksal dieses Krieges, vermag zu w\u00fcrdigen, wie ihr da drau\u00dfen alles ertragt f\u00fcr uns und unser ganzes Volk.<\/span><\/p>\n<p style=\"text-align: justify;\"><span style=\"font-family: helvetica,arial,sans-serif; color: #003300;\"><img loading=\"lazy\" class=\"alignnone size-full wp-image-2590\" src=\"http:\/\/win2014.de\/wp-content\/uploads\/2015\/12\/15-Kopie.jpg\" alt=\"15 - Kopie\" width=\"674\" height=\"478\" srcset=\"http:\/\/win2014.de\/wp-content\/uploads\/2015\/12\/15-Kopie.jpg 674w, http:\/\/win2014.de\/wp-content\/uploads\/2015\/12\/15-Kopie-300x213.jpg 300w\" sizes=\"(max-width: 674px) 100vw, 674px\" \/><\/span><\/p>\n<p style=\"text-align: justify;\"><span style=\"font-family: helvetica,arial,sans-serif; color: #003300;\">Aber eins wollen wir euch zum Ersatz und in dankbarer Freude hin\u00fcbersenden in die feindlichen Lande: unsere ganze treue deutsche Liebe, auf da\u00df ihr f\u00fchlt und erlebt in dieser heiligen Nacht, wie euer Volk hinter euch steht mit allen seinen W\u00fcnschen und Gef\u00fchlen, mit all seiner Dankbarkeit und dem\u00fctigen Verehrung. Und wenn wir uns dann hier auch um den Lichterbaum reihen, wenn unsere, eure Frauen und Kinder die alten lieben Weihnachtslieder anstimmen, dann sollen diese Lieder als ein Gru\u00df der Heimat in euern Herzen widerklingen und auch euch eine Stunde seliger Erinnerung bringen.<\/span><\/p>\n<p style=\"text-align: justify;\"><span style=\"font-family: helvetica,arial,sans-serif; color: #003300;\">So wollen wir es halten f\u00fcr euch und mit euch: den Frieden ersehnen aus tiefstem Herzensgrund! Aber unersch\u00fctterlich und unbeugsam zusammenhalten, bis auch der letzte grimmigste Gegner niedergerungen ist! Nicht eine Weihnacht begehren wir voll unklarer unerf\u00fcllter W\u00fcnsche, nicht eine Weihnacht, \u00fcber die sich ein tr\u00fcber Wolkenhimmel spannt, sondern ein Erl\u00f6sungs- und Befreiungsfest, das \u00fcberstrahlt wird von den goldigen leuchtenden Himmelssternen der reinen deutschen Winternacht. Und diese Weihnacht wird kommen f\u00fcr Deutschland und Deutschlands Zukunft.<\/span><\/p>\n<p style=\"text-align: justify;\"><img loading=\"lazy\" class=\" wp-image-2565 alignleft\" src=\"http:\/\/win2014.de\/wp-content\/uploads\/2015\/12\/Stadt-laedt-zum-Info-Abend-ueber-Nazi-verdaechtige-Strassennamen-Kant-statt-Castelle1_image_630_420f_wn-300x201.jpg\" alt=\"Stadt-laedt-zum-Info-Abend-ueber-Nazi-verdaechtige-Strassennamen-Kant-statt-Castelle1_image_630_420f_wn\" width=\"429\" height=\"287\" srcset=\"http:\/\/win2014.de\/wp-content\/uploads\/2015\/12\/Stadt-laedt-zum-Info-Abend-ueber-Nazi-verdaechtige-Strassennamen-Kant-statt-Castelle1_image_630_420f_wn-300x201.jpg 300w, http:\/\/win2014.de\/wp-content\/uploads\/2015\/12\/Stadt-laedt-zum-Info-Abend-ueber-Nazi-verdaechtige-Strassennamen-Kant-statt-Castelle1_image_630_420f_wn.jpg 627w\" sizes=\"(max-width: 429px) 100vw, 429px\" \/><\/p>\n<p style=\"text-align: justify;\">Neben dem Castelleweg in M\u00fcnster gibt es in mehreren deutschen St\u00e4dten eine Castellestra\u00dfe: in Dortmund, Rheine, Steinfurt, Rhede und in Ochtrup. In Neuenkirchen wurde 2012 die Stra\u00dfe in Kantstra\u00dfe umgewidmet.<\/p>\n<p style=\"text-align: justify;\">Vollkommen unbelehrbar scheint der Heimatverein Ochtrup e.V. zu sein, der auf seiner Homepage ein Loblied auf den ehrenwerten Dr. phil Friedrich Castelle absondert. Deutlich wird darin wie so oft, wie sich Biedermann und Nazi in einer Person gut erg\u00e4nzen.<\/p>\n<p style=\"text-align: justify;\"><span style=\"font-family: arial,helvetica,sans-serif; color: #003300;\">Dr. phil. Friedrich Castelle wurde am 30. April 1879 in Appelh\u00fclsen geboren. In seiner ersten publizistischen T\u00e4tigkeit entfaltete er bereits Grundz\u00fcge seines Schaffens. Er versuchte, Religion, Heimat und Welt als die bewegenden Kr\u00e4fte der Kultur in Einklang zu bringen.<\/span><\/p>\n<p style=\"text-align: justify;\"><span style=\"font-family: arial,helvetica,sans-serif; color: #003300;\">Er war ein rechter K\u00fcnder und Mittler der deutschen Dichtung. Mehr als f\u00fcnftausendmal stand er auf einem Podium und hat dabei durch seine Vortragskunst unz\u00e4hlige Menschen unvergessliche Erlebnisse aus der Dichtung geschenkt. Besonders als Herausgeber von Zeitschriften hat er eine umfangreiche kulturelle Wirksamkeit entfaltet. Dieser vielbesch\u00e4ftigte und vielseitig begabte Meister des Wortes schrieb aber auch eine Vielzahl eigener Werke.<\/span><\/p>\n<p style=\"text-align: justify;\"><span style=\"font-family: arial,helvetica,sans-serif; color: #003300;\">Seit April 1930 war Friedrich Castelle auf \u201eHaus Welbergen\u201c ans\u00e4ssig. Besonders in den darauffolgenden Jahren gewann er in der Stille dieses Hauses die Kraft zur Schaffung seiner heimatverbundenen Werke. Dieser vielseitig begabte und beliebte Schriftsteller, der vielen Menschen Freude und Frohsinn schenkte, fand (1954) seine letzte Ruhest\u00e4tte auf dem Friedhof von St. Mauritz in M\u00fcnster.<\/span><\/p>\n<div id=\"attachment_2562\" style=\"width: 268px\" class=\"wp-caption alignleft\"><img aria-describedby=\"caption-attachment-2562\" loading=\"lazy\" class=\"wp-image-2562 \" src=\"http:\/\/win2014.de\/wp-content\/uploads\/2015\/12\/2166252_m3w624h416q75v36764_1210HL-CASTELLE-300x200.jpg\" alt=\"2166252_m3w624h416q75v36764_1210HL-CASTELLE\" width=\"258\" height=\"172\" srcset=\"http:\/\/win2014.de\/wp-content\/uploads\/2015\/12\/2166252_m3w624h416q75v36764_1210HL-CASTELLE-300x200.jpg 300w, http:\/\/win2014.de\/wp-content\/uploads\/2015\/12\/2166252_m3w624h416q75v36764_1210HL-CASTELLE.jpg 624w\" sizes=\"(max-width: 258px) 100vw, 258px\" \/><p id=\"caption-attachment-2562\" class=\"wp-caption-text\">Friedrich Castelle (rechts vorne) neben General Wilhelm Knochenhauer<\/p><\/div>\n<p style=\"text-align: justify;\">Verschwiegen wird in diesem besch\u00f6nigenden Nachruf, dass Friedrich Castelle bei Kriegsende gefangengenommen und im britischen Internierungslager in Haft gehalten wurde. Der Historiker Christopher Lorke hat inzwischen nachweisen k\u00f6nnen, <em>\u201edass Castelle Nazi-Funktion\u00e4r in verschiedenen Positionen war\u201c<\/em>.<\/p>\n<p style=\"text-align: justify;\">So war Castelle <em>\u201eObmann der NS-Kultur-gemeinde f\u00fcr den Kreis Burgsteinfurt, Beiratsmitglied des Gaues Nordrhein-Westfalen und f\u00fchrender Mitarbeiter der Reichsschrifttumskammer. 1937 wurde er Haupt-Abteilungs-Sachbearbeiter zur besonderen Verwendung im Reichssender K\u00f6ln, sp\u00e4ter wurde er stellvertretender Intendant. W\u00e4hrend des Krieges war er Leiter des Senders Luxemburg.\u201c<\/em><\/p>\n<p style=\"text-align: justify;\"><strong><span style=\"font-family: arial,helvetica,sans-serif; font-size: 14pt;\">Quellen<\/span><\/strong><br \/>\nDEUTSCHLAND, Zeitschrift f\u00fcr Heimatkunde und Heimatliebe, D\u00fcsseldorf, VI. Jahrgang, Heft Nr. 12, Dezember 1915<br \/>\n<em><a href=\"http:\/\/www.muenster.de\/stadt\/strassennamen\/castelleweg.html#nach1945\">http:\/\/www.muenster.de\/stadt\/strassennamen\/castelleweg.html#nach1945<\/a><\/em><br \/>\n<em> <a href=\"http:\/\/win2014.de\/?p=802\">http:\/\/win2014.de\/?p=802<\/a><\/em><br \/>\n<em> <a href=\"http:\/\/www.heimatverein-ochtrup.de\/Dr_phil_Friedrich_Castelle.178.0.html\">http:\/\/www.heimatverein-ochtrup.de\/Dr_phil_Friedrich_Castelle.178.0.html<\/a><\/em><br \/>\n<em> <a href=\"http:\/\/www.uni-muenster.de\/Geschichte\/histsem\/NZ-G\/L2\/Mitarbeiter\/Wiss\/ChristophLorke.html\">http:\/\/www.uni-muenster.de\/Geschichte\/histsem\/NZ-G\/L2\/Mitarbeiter\/Wiss\/ChristophLorke.html<\/a><\/em><\/p>\n<p style=\"text-align: justify;\">\n","protected":false},"excerpt":{"rendered":"<p>Weihnachten 1914 \u2013 da soll es tats\u00e4chlich ein bisschen nach Frieden ausgesehen haben. \u00dcberall im Lande l\u00e4uteten in der Heimat die Glocken in der Hoffnung auf ein baldiges Kriegsende im kommenden Jahr. An der Front schwiegen f\u00fcr ein paar Augenblicke &hellip; <a href=\"http:\/\/win2014.de\/?p=2561\">Weiterlesen <span class=\"meta-nav\">&rarr;<\/span><\/a><\/p>\n","protected":false},"author":1,"featured_media":3255,"comment_status":"closed","ping_status":"closed","sticky":false,"template":"","format":"standard","meta":[],"categories":[1],"tags":[23,214],"jetpack_featured_media_url":"http:\/\/win2014.de\/wp-content\/uploads\/we16-1.jpg","_links":{"self":[{"href":"http:\/\/win2014.de\/index.php?rest_route=\/wp\/v2\/posts\/2561"}],"collection":[{"href":"http:\/\/win2014.de\/index.php?rest_route=\/wp\/v2\/posts"}],"about":[{"href":"http:\/\/win2014.de\/index.php?rest_route=\/wp\/v2\/types\/post"}],"author":[{"embeddable":true,"href":"http:\/\/win2014.de\/index.php?rest_route=\/wp\/v2\/users\/1"}],"replies":[{"embeddable":true,"href":"http:\/\/win2014.de\/index.php?rest_route=%2Fwp%2Fv2%2Fcomments&post=2561"}],"version-history":[{"count":19,"href":"http:\/\/win2014.de\/index.php?rest_route=\/wp\/v2\/posts\/2561\/revisions"}],"predecessor-version":[{"id":4176,"href":"http:\/\/win2014.de\/index.php?rest_route=\/wp\/v2\/posts\/2561\/revisions\/4176"}],"wp:featuredmedia":[{"embeddable":true,"href":"http:\/\/win2014.de\/index.php?rest_route=\/wp\/v2\/media\/3255"}],"wp:attachment":[{"href":"http:\/\/win2014.de\/index.php?rest_route=%2Fwp%2Fv2%2Fmedia&parent=2561"}],"wp:term":[{"taxonomy":"category","embeddable":true,"href":"http:\/\/win2014.de\/index.php?rest_route=%2Fwp%2Fv2%2Fcategories&post=2561"},{"taxonomy":"post_tag","embeddable":true,"href":"http:\/\/win2014.de\/index.php?rest_route=%2Fwp%2Fv2%2Ftags&post=2561"}],"curies":[{"name":"wp","href":"https:\/\/api.w.org\/{rel}","templated":true}]}}