{"id":2042,"date":"2015-01-22T22:36:37","date_gmt":"2015-01-22T21:36:37","guid":{"rendered":"http:\/\/win2014.de\/?p=2042"},"modified":"2020-12-16T17:05:21","modified_gmt":"2020-12-16T16:05:21","slug":"grosser-krieg-und-blaue-reiter","status":"publish","type":"post","link":"http:\/\/win2014.de\/?p=2042","title":{"rendered":"Gro\u00dfer Krieg und Blaue Reiter"},"content":{"rendered":"<p style=\"text-align: justify;\"><a href=\"http:\/\/win2014.de\/wp-content\/uploads\/2015\/01\/sie-starben-jung.jpg\"><img loading=\"lazy\" class=\"alignleft wp-image-2050 size-medium\" src=\"http:\/\/win2014.de\/wp-content\/uploads\/2015\/01\/sie-starben-jung-280x300.jpg\" alt=\"sie starben jung\" width=\"280\" height=\"300\" srcset=\"http:\/\/win2014.de\/wp-content\/uploads\/2015\/01\/sie-starben-jung-280x300.jpg 280w, http:\/\/win2014.de\/wp-content\/uploads\/2015\/01\/sie-starben-jung-956x1024.jpg 956w, http:\/\/win2014.de\/wp-content\/uploads\/2015\/01\/sie-starben-jung.jpg 995w\" sizes=\"(max-width: 280px) 100vw, 280px\" \/><\/a><strong>SIE STARBEN JUNG! \u2013 so hei\u00dft ein 2014 erschienenes Buch \u00fcber acht K\u00fcnstler und Dichter vor dem Ersten Weltkrieg. Unter ihnen Franz Marc.<\/strong><br \/>\n<em>\u201eWelche Gedanken begleiteten die jungen M\u00e4nner, welche Ideen und Ideale pr\u00e4gten sie. Wie sah ihr Weltbild aus, das ihr Werk formte? Eine ganz neue Gesellschaft, vergeistigt, gereinigt, spirituell gest\u00e4rkt, w\u00fcrde sich aus den Tr\u00fcmmern erheben. Mit diesen Gedanken malten sie ihre Bilder, zogen sie in den Krieg \u2013 und starben jung!\u201c <\/em>(Klappentext)<\/p>\n<p style=\"text-align: justify;\"><!--more weiterlesen--><br \/>\n<a href=\"http:\/\/win2014.de\/wp-content\/uploads\/2015\/01\/franz-marc-selbstportraet-4.jpg\"><img loading=\"lazy\" class=\" size-thumbnail wp-image-2045 alignleft\" src=\"http:\/\/win2014.de\/wp-content\/uploads\/2015\/01\/franz-marc-selbstportraet-4-150x150.jpg\" alt=\"franz-marc-selbstportraet-4\" width=\"150\" height=\"150\" \/><\/a>Anfang 1914 kommt Franz Marc nur wenig zum Arbeiten. Im April ziehen er und seine Frau Maria in ein eigenes Haus in Ried bei M\u00fcnchen. Der Umzug kostet Zeit. Trotzdem arbeitet er ununterbrochen weiter an seinen Projekten, und es entstehen die ersten Bilder in Ried. Aber er malt nicht nur an immer wieder neuen bet\u00f6renden Bildern. Gleichzeitig schreibt er Aufs\u00e4tze \u00fcber die kommende Kunst und kn\u00fcpft auf Reisen Kontakte, etwa zu den Malern der \u201eBr\u00fccke\u201c in Dresden und Robert Delaunay in Paris. Mitten hinein in seine vielf\u00e4ltigen Aktivit\u00e4ten platzen die Nachrichten vom Ultimatum an Serbien und der Befehl zur Mobilmachung. Franz Marc meldet sich freiwillig.<\/p>\n<div id=\"attachment_2044\" style=\"width: 201px\" class=\"wp-caption alignleft\"><a href=\"http:\/\/win2014.de\/wp-content\/uploads\/2015\/01\/Franz_Marc_029a.jpg\"><img aria-describedby=\"caption-attachment-2044\" loading=\"lazy\" class=\"wp-image-2044 size-medium\" src=\"http:\/\/win2014.de\/wp-content\/uploads\/2015\/01\/Franz_Marc_029a-191x300.jpg\" alt=\"Franz_Marc_029a\" width=\"191\" height=\"300\" srcset=\"http:\/\/win2014.de\/wp-content\/uploads\/2015\/01\/Franz_Marc_029a-191x300.jpg 191w, http:\/\/win2014.de\/wp-content\/uploads\/2015\/01\/Franz_Marc_029a-653x1024.jpg 653w, http:\/\/win2014.de\/wp-content\/uploads\/2015\/01\/Franz_Marc_029a.jpg 1000w\" sizes=\"(max-width: 191px) 100vw, 191px\" \/><\/a><p id=\"caption-attachment-2044\" class=\"wp-caption-text\">Der Turm der blauen Pferde, 1913, seit 1945 verschollen<\/p><\/div>\n<p style=\"text-align: justify;\">Das war allerdings f\u00fcr sein Schaffen ein ung\u00fcnstiger Zeitpunkt. Mit Kandinsky zusammen hatte er drei Jahre zuvor die K\u00fcnstlervereinigung \u201eDer Blaue Reiter\u201c ins Leben gerufen. Die M\u00fcnchner Ausstellung der Gruppe sorgte f\u00fcr Aufsehen und einen Skandal. Publikum und Presse emp\u00f6rten sich \u00fcber den vorher nie gesehenen radikalen Umgang mit Form und Farbe \u2013 \u201eSchmiererei\u201c, \u201eFarbgesudel\u201c, so t\u00f6nte es.<br \/>\nW\u00e4hrend Franz Marc und seine Freunde mit ihren Werken der Gesellschaft einen Weg in die Zukunft ebnen wollen, benutzen gleichzeitig Milit\u00e4r und die herrschende Klasse billigste Bildpropaganda. Mit Bildern und Texten, die den Krieg fast nicht von dieser Welt zeigen, sollen Heldenverehrung und Opferbereitschaft der deutschen Soldaten gesteigert werden. Engel und andere unwirkliche Gesch\u00f6pfe sollen geschickt das wahre Gesicht des Krieges verbergen.<\/p>\n<p style=\"text-align: justify;\"><a href=\"http:\/\/win2014.de\/wp-content\/uploads\/2015\/01\/Gedenkblatt-Richard-Windeck.jpg\"><img loading=\"lazy\" class=\"wp-image-2046 size-full aligncenter\" src=\"http:\/\/win2014.de\/wp-content\/uploads\/2015\/01\/Gedenkblatt-Richard-Windeck.jpg\" alt=\"Gedenkblatt-Richard-Windeck\" width=\"421\" height=\"466\" srcset=\"http:\/\/win2014.de\/wp-content\/uploads\/2015\/01\/Gedenkblatt-Richard-Windeck.jpg 421w, http:\/\/win2014.de\/wp-content\/uploads\/2015\/01\/Gedenkblatt-Richard-Windeck-271x300.jpg 271w\" sizes=\"(max-width: 421px) 100vw, 421px\" \/><\/a> Was Franz Marc \u00fcber diese elende, verharmlosende \u201eKunst\u201c dachte, k\u00f6nnen wir nur ahnen. Vielleicht hat er das alles gar nicht wahrgenommen. Ihm ging es wie vielen K\u00fcnstlern und Intellektuellen eher darum, den Krieg in seine eigenen Zukunftsvisionen einzubeziehen. Der Krieg als M\u00f6glichkeit einer gro\u00dfen \u201eReinigung\u201c und als \u201eheilsamen, wenn auch grausamen Durchgang\u201c, so schreibt er im Oktober an Kandinsky. Kunst mit der Waffe?<br \/>\nSchnell geht es nach wenigen Wochen an die Front zu den Schlachten um Lothringen. <em>\u201eAus dem \u201aBlauen Reiter\u2018 Marc ist ein milit\u00e4rischer Meldereiter geworden. Trotzdem bleibt ihm oft Zeit f\u00fcr n\u00e4chtliche Ritte unterm Sternenzelt. In solchen Momenten wird ihm der Krieg geradezu zum Naturerlebnis.\u201c <a href=\"http:\/\/www.zeit.de\/2014\/08\/erster-weltkrieg-franz-marc\">http:\/\/www.zeit.de\/2014\/08\/erster-weltkrieg-franz-marc<\/a><\/em> Im M\u00e4rz 1916 wird Franz Marc auf einem Erkundungsritt, nicht weit von Verdun, von Granatsplittern getroffen. Er verblutet.<\/p>\n<p style=\"text-align: justify;\">2014 war das gro\u00dfe Erinnerungsjahr an den Beginn des Ersten Weltkriegs. Alles, aber auch alles, was damit zu tun hatte, wurde in den Medien &#8211; B\u00fcchern, Zeitungen und Fernsehen &#8211; ausgebreitet. Das geschah nicht nur in Deutschland, sondern auch in unseren Nachbarl\u00e4ndern Frankreich, England und Belgien.<br \/>\n<em><a href=\"http:\/\/www.tradeflandern.com\/files\/tfb_media\/7184.orig.pdf\">http:\/\/www.tradeflandern.com\/files\/tfb_media\/7184.orig.pdf<\/a><\/em><br \/>\n<em> <a href=\"http:\/\/www.rheinland1914.lvr.de\/media\/1914\/dokumente\/broschueren_usw\/Flandern_100_Jahre_Erster_Weltkrieg.pdf\">http:\/\/www.rheinland1914.lvr.de\/media\/1914\/dokumente\/broschueren_usw\/Flandern_100_Jahre_Erster_Weltkrieg.pdf<\/a><\/em><\/p>\n<p style=\"text-align: justify;\">Es entstand als Nebenprodukt ein kaum gesteuerter, aber erfreulicher Prozess, die Erinnerungskultur \u00fcber die eigenen Landesgrenzen hinaus europ\u00e4isch zu definieren. Ein Beispiel daf\u00fcr ist europeana, ein Blog, der in nahezu allen europ\u00e4ischen Sprachen abrufbar ist. <em><a href=\"http:\/\/www.europeana.eu\/\">http:\/\/www.europeana.eu\/<\/a><\/em><br \/>\nVielleicht sollte man in diesem Jahr etwas verhaltener sein und die Ereignisse von damals nicht immer wieder aufw\u00e4rmen, daf\u00fcr aber umso intensiver ausloten, wie dieses zarte Pfl\u00e4nzchen \u201eEurop\u00e4ische Erinnerungskultur\u201c wachsen und gedeihen kann. Das hei\u00dft auch u.a.: Erinnerung sollte nicht nur an ein Gedenkjahr oder an bestimmte Gedenktage gebunden sein.<\/p>\n<p style=\"text-align: justify;\">Der M\u00fcnchener K\u00fcnstler Gerd Scheuerer hat auch ohne runde Gedenkjahre schon vor acht Jahren ein Bild geschaffen, das an den gro\u00dfen K\u00fcnstler Franz Marc und sein Schicksal erinnern soll. Sein Bruder Franz Scheuerer hat dazu eine ausf\u00fchrliche Deutung dieses Bildes ver\u00f6ffentlicht. Im Mai 2014 hat er dazu ein Gedicht geschrieben. Das Bild und das Gedicht findet man unter <em><a href=\"http:\/\/www.gersch.info\/das-bild\/\">http:\/\/www.gersch.info\/das-bild\/<\/a><\/em><\/p>\n<div id=\"attachment_2047\" style=\"width: 490px\" class=\"wp-caption aligncenter\"><a href=\"http:\/\/win2014.de\/wp-content\/uploads\/2015\/01\/image.jpg\"><img aria-describedby=\"caption-attachment-2047\" loading=\"lazy\" class=\"wp-image-2047 size-full\" src=\"http:\/\/win2014.de\/wp-content\/uploads\/2015\/01\/image.jpg\" alt=\"image\" width=\"480\" height=\"478\" srcset=\"http:\/\/win2014.de\/wp-content\/uploads\/2015\/01\/image.jpg 480w, http:\/\/win2014.de\/wp-content\/uploads\/2015\/01\/image-150x150.jpg 150w, http:\/\/win2014.de\/wp-content\/uploads\/2015\/01\/image-300x300.jpg 300w\" sizes=\"(max-width: 480px) 100vw, 480px\" \/><\/a><p id=\"caption-attachment-2047\" class=\"wp-caption-text\">Murnau oder weshalb Franz Marc freiwillig in den ersten Weltkrieg zog\u00a0\u00a0\u00a0\u00a0\u00a0\u00a0\u00a0\u00a0\u00a0\u00a0\u00a0\u00a0\u00a0\u00a0\u00a0\u00a0\u00a0\u00a0\u00a0\u00a0\u00a0\u00a0\u00a0\u00a0\u00a0\u00a0\u00a0\u00a0\u00a0\u00a0\u00a0\u00a0\u00a0\u00a0\u00a0\u00a0\u00a0\u00a0\u00a0\u00a0\u00a0\u00a0\u00a0 <span style=\"font-size: 8pt;\">Gerd Scheuerer, 2006, \u00d6l auf Nessel 180x180cm<\/span><\/p><\/div>\n<p style=\"text-align: justify;\"><span style=\"color: #008080;\">\u201eDer Titel des Gem\u00e4ldes erinnert an das Schicksal von Franz Marc. Er und Wassily Kandinsky gr\u00fcndeten 1911 den Blauen Reiter, eine bedeutende K\u00fcnstlervereinigung f\u00fcr die weitere Entwicklung der modernen Kunst des 20. Jahrhunderts.<\/span><br \/>\n<span style=\"color: #008080;\"> In Murnau\/Bayern lebte Wassily Kandinsky mit seiner Lebensgef\u00e4hrtin Gabriele M\u00fcnter, die fast das gesamte Werk Kandinskys vor dem Zugriff der deutschen Nationalsozialisten rettete und 1954 der \u00d6ffentlichkeit zug\u00e4nglich machte. Neben Marc und Kandinsky waren auch so bekannte K\u00fcnstler wie August Macke, Paul Klee und Alfred Kubin im Blauen Reiter aktiv.<\/span><br \/>\n<span style=\"color: #008080;\"> Der M\u00fcnchner Maler Gerd Scheuerer (Jahrgang 1948) sieht sich der Kunst des Blauen Reiter verbunden und hat Murnau, als den geografischen Ort dieser expressionistischen Vereinigung, oft besucht. Ankn\u00fcpfend an den k\u00fcnstlerischen Stil des Blauen Reiter spiegelt Scheuerer in seinem Gem\u00e4lde farbliche Tiefe, bildnerische Intelligenz und eine ausgepr\u00e4gtes Empfindung f\u00fcr improvisierte Formen. Dabei bewegt ihn die Frage, warum ein mit so hohem Bewusstsein ausgestatteter Mensch wie Franz Marc (und auch August Macke), angesichts aller voraussehbarer Grausamkeiten und Gefahren des 1. Weltkrieges, als Freiwilliger in die Schlacht zog. War es \u00fcberh\u00f6hter Nationalismus? War es das m\u00e4nnliche Ego? Die spirituelle und transzendente Ausstrahlung des Bildes \u00fcberl\u00e4sst dem Betrachter die Antwort.\u201c<\/span><br \/>\nText: Franz Scheuerer <em><a href=\"http:\/\/germanforum.cri.cn\/viewtopic.php?f=8&amp;t=366\">http:\/\/germanforum.cri.cn\/viewtopic.php?f=8&amp;t=366<\/a><\/em><\/p>\n<p>&nbsp;<\/p>\n<p><span style=\"color: #0000ff;\"><strong><span style=\"font-family: arial,helvetica,sans-serif; font-size: 14pt;\">Gro\u00dfer Krieg und Blaue Reiter<\/span><\/strong><\/span><\/p>\n<p><span style=\"color: #0000ff; font-family: arial,helvetica,sans-serif; font-size: 14pt;\">Sie ritten mannhaft auf bunten Tieren,<\/span><br \/>\n<span style=\"color: #0000ff; font-family: arial,helvetica,sans-serif; font-size: 14pt;\"> die Blauen Reiter.<\/span><\/p>\n<p><span style=\"color: #0000ff; font-family: arial,helvetica,sans-serif; font-size: 14pt;\">Im siegtrunkenen August,<\/span><br \/>\n<span style=\"color: #0000ff; font-family: arial,helvetica,sans-serif; font-size: 14pt;\"> hin\u00fcber nach Frankreich.<\/span><\/p>\n<p><span style=\"color: #0000ff; font-family: arial,helvetica,sans-serif; font-size: 14pt;\">Das Erb\u00fcbel zu reinigen,<\/span><br \/>\n<span style=\"color: #0000ff; font-family: arial,helvetica,sans-serif; font-size: 14pt;\"> in Str\u00f6men kranken Blutes.<\/span><\/p>\n<p><span style=\"color: #0000ff; font-family: arial,helvetica,sans-serif; font-size: 14pt;\">Pinselten mit Flinten das Rot<\/span><br \/>\n<span style=\"color: #0000ff; font-family: arial,helvetica,sans-serif; font-size: 14pt;\"> auf die Stirne der Feinde.<\/span><\/p>\n<p><span style=\"color: #0000ff; font-family: arial,helvetica,sans-serif; font-size: 14pt;\">Die Nation nicht zu entt\u00e4uschen,<\/span><br \/>\n<span style=\"color: #0000ff; font-family: arial,helvetica,sans-serif; font-size: 14pt;\"> ob ihrer \u00e4sthetischen Revolution\u00e4re.<\/span><\/p>\n<p><span style=\"color: #0000ff; font-family: arial,helvetica,sans-serif; font-size: 14pt;\">Derweil Matisse<\/span><br \/>\n<span style=\"color: #0000ff; font-family: arial,helvetica,sans-serif; font-size: 14pt;\"> floh seine K\u00fcnstlerfreunde zu Verdun.<\/span><br \/>\n<span style=\"color: #0000ff; font-family: arial,helvetica,sans-serif; font-size: 14pt;\"> Schloss kr\u00e4nkelnd seinen Separatfrieden von Cimiez,<\/span><br \/>\n<span style=\"color: #0000ff; font-family: arial,helvetica,sans-serif; font-size: 14pt;\"> im Angesicht das Schattenbild von Notre Dame.<\/span><\/p>\n<p><em>\u00a0\u00a0\u00a0\u00a0\u00a0\u00a0\u00a0\u00a0\u00a0\u00a0\u00a0\u00a0\u00a0\u00a0\u00a0\u00a0\u00a0\u00a0\u00a0\u00a0\u00a0\u00a0\u00a0\u00a0\u00a0\u00a0\u00a0\u00a0\u00a0\u00a0\u00a0\u00a0\u00a0\u00a0\u00a0\u00a0\u00a0\u00a0\u00a0\u00a0\u00a0\u00a0\u00a0\u00a0\u00a0<span style=\"color: #0000ff;\"> Franz Scheuerer\/Mai 2014<\/span><\/em><\/p>\n<p>&nbsp;<\/p>\n<p>Quellenhinweis f\u00fcr das Buch SIE STARBEN JUNG! <em><a href=\"http:\/\/www.reimer-mann-verlag.de\/controller.php?cmd=detail&amp;titelnummer=302704&amp;verlag=3\">http:\/\/www.reimer-mann-verlag.de\/controller.php?cmd=detail&amp;titelnummer=302704&amp;verlag=3<\/a><\/em><\/p>\n","protected":false},"excerpt":{"rendered":"<p>SIE STARBEN JUNG! \u2013 so hei\u00dft ein 2014 erschienenes Buch \u00fcber acht K\u00fcnstler und Dichter vor dem Ersten Weltkrieg. Unter ihnen Franz Marc. \u201eWelche Gedanken begleiteten die jungen M\u00e4nner, welche Ideen und Ideale pr\u00e4gten sie. Wie sah ihr Weltbild aus, &hellip; <a href=\"http:\/\/win2014.de\/?p=2042\">Weiterlesen <span class=\"meta-nav\">&rarr;<\/span><\/a><\/p>\n","protected":false},"author":1,"featured_media":2062,"comment_status":"closed","ping_status":"closed","sticky":false,"template":"","format":"standard","meta":[],"categories":[1,222,225,227],"tags":[34,110,234,233,242],"jetpack_featured_media_url":"http:\/\/win2014.de\/wp-content\/uploads\/2015\/01\/Franz_Marc_029a-Kopie.jpg","_links":{"self":[{"href":"http:\/\/win2014.de\/index.php?rest_route=\/wp\/v2\/posts\/2042"}],"collection":[{"href":"http:\/\/win2014.de\/index.php?rest_route=\/wp\/v2\/posts"}],"about":[{"href":"http:\/\/win2014.de\/index.php?rest_route=\/wp\/v2\/types\/post"}],"author":[{"embeddable":true,"href":"http:\/\/win2014.de\/index.php?rest_route=\/wp\/v2\/users\/1"}],"replies":[{"embeddable":true,"href":"http:\/\/win2014.de\/index.php?rest_route=%2Fwp%2Fv2%2Fcomments&post=2042"}],"version-history":[{"count":22,"href":"http:\/\/win2014.de\/index.php?rest_route=\/wp\/v2\/posts\/2042\/revisions"}],"predecessor-version":[{"id":3178,"href":"http:\/\/win2014.de\/index.php?rest_route=\/wp\/v2\/posts\/2042\/revisions\/3178"}],"wp:featuredmedia":[{"embeddable":true,"href":"http:\/\/win2014.de\/index.php?rest_route=\/wp\/v2\/media\/2062"}],"wp:attachment":[{"href":"http:\/\/win2014.de\/index.php?rest_route=%2Fwp%2Fv2%2Fmedia&parent=2042"}],"wp:term":[{"taxonomy":"category","embeddable":true,"href":"http:\/\/win2014.de\/index.php?rest_route=%2Fwp%2Fv2%2Fcategories&post=2042"},{"taxonomy":"post_tag","embeddable":true,"href":"http:\/\/win2014.de\/index.php?rest_route=%2Fwp%2Fv2%2Ftags&post=2042"}],"curies":[{"name":"wp","href":"https:\/\/api.w.org\/{rel}","templated":true}]}}