{"id":1916,"date":"2015-01-11T14:30:11","date_gmt":"2015-01-11T13:30:11","guid":{"rendered":"http:\/\/win2014.de\/?p=1916"},"modified":"2020-12-16T17:05:43","modified_gmt":"2020-12-16T16:05:43","slug":"verwundete-krieger","status":"publish","type":"post","link":"http:\/\/win2014.de\/?p=1916","title":{"rendered":"Verwundete Krieger"},"content":{"rendered":"<p style=\"text-align: justify;\"><strong><a href=\"http:\/\/win2014.de\/wp-content\/uploads\/2014\/01\/4_0001.jpg\"><img loading=\"lazy\" class=\"alignnone size-large wp-image-109\" src=\"http:\/\/win2014.de\/wp-content\/uploads\/2014\/01\/4_0001-1024x653.jpg\" alt=\"4_0001\" width=\"640\" height=\"408\" srcset=\"http:\/\/win2014.de\/wp-content\/uploads\/2014\/01\/4_0001-1024x653.jpg 1024w, http:\/\/win2014.de\/wp-content\/uploads\/2014\/01\/4_0001-300x191.jpg 300w, http:\/\/win2014.de\/wp-content\/uploads\/2014\/01\/4_0001.jpg 1624w\" sizes=\"(max-width: 640px) 100vw, 640px\" \/><\/a>Bereits in den ersten drei Monaten des Krieges gab es immense Verluste durch Tod und Verwundung.\u00a0 Im Verlauf der ersten Grenzschlachten zwischen dem 20. und 25. August 1914 starben auf franz\u00f6sischer Seite rund 40.000 Soldaten, d.h. durchschnittlich etwa 8.000 M\u00e4nner pro Tag. Im September 1914 kamen rund 260.000 deutsche Soldaten zu Tode oder wurden verwundet. Viele der Verwundeten fanden sich in hastig eingerichteten Lazaretten wieder. War man darauf gar nicht vorbereitet?<\/strong><!--more weiterlesen--><\/p>\n<p style=\"text-align: justify;\">Die hohen Anfangsverluste gingen auf die veraltete Art anzugreifen zur\u00fcck. Immer wieder liefen ganze Regimenter den feindlichen Stellungen entgegen. Das geschah ohne jegliche Absicherung, w\u00e4hrend die Abwehr aus gesicherter Stellung Artillerie und Maschinengewehre einsetzen konnte. Betroffen waren davon die M\u00e4nner an beiden Fronten. Innerhalb weniger Wochen gab es eine unendliche Anzahl verwundeter Soldaten. Darauf war man \u00fcberhaupt nicht vorbereitet. Bei Kriegsbeginn 1914 verf\u00fcgte das Deutsche Rote Kreuz \u00fcber 5.000 ausgebildete Schwestern und eine unbestimmte Zahl von Helferinnen bei den Frauenvereinen. Da die Zahl der verf\u00fcgbaren Schwestern nicht ausreichte, wurde bereits 1914 vermehrt mit der Ausbildung von Pflegepersonal begonnen.<\/p>\n<p><span style=\"font-size: 14pt;\"><strong><span style=\"font-family: andale mono,times; color: #ff0000;\"><span style=\"font-family: arial,helvetica,sans-serif; color: #ff0000;\">Zur Ansichtskarte<\/span><br \/>\n<\/span><\/strong><\/span><\/p>\n<p style=\"text-align: justify;\"><a href=\"http:\/\/win2014.de\/wp-content\/uploads\/2014\/01\/4_0002.jpg\"><img loading=\"lazy\" class=\"alignnone size-large wp-image-110\" src=\"http:\/\/win2014.de\/wp-content\/uploads\/2014\/01\/4_0002-1024x654.jpg\" alt=\"4_0002\" width=\"640\" height=\"408\" srcset=\"http:\/\/win2014.de\/wp-content\/uploads\/2014\/01\/4_0002-1024x654.jpg 1024w, http:\/\/win2014.de\/wp-content\/uploads\/2014\/01\/4_0002-300x191.jpg 300w, http:\/\/win2014.de\/wp-content\/uploads\/2014\/01\/4_0002.jpg 1628w\" sizes=\"(max-width: 640px) 100vw, 640px\" \/><\/a><\/p>\n<p style=\"text-align: justify;\">Die Reichspost bef\u00f6rderte die mit \u201eFeldpost\u201c kenntlich gemachte Post geb\u00fchrenfrei. Auch die Lazarette und Krankenh\u00e4user waren mit solchen Stempeln ausger\u00fcstet. Alfred, der diese Karte aus dem Krankenhaus in Nymphenburg schreibt, spart nicht nur die Briefmarke, er kann seiner Freundin Wilhelmine sogar ein Original-Foto schicken. Ein Erinnerungsfoto aus dem Krankenhaus Dritter Orden an der Menzinger Stra\u00dfe in M\u00fcnchen.<\/p>\n<p style=\"text-align: justify;\">Solche Fotos aus dem Krankenzimmer sollten und konnten die Angeh\u00f6rigen tr\u00f6sten und beruhigen. Es gab saubere Betten, freundliche Schwestern und der Arzt hatte sogar Zeit sich mitfotografieren zu lassen. Die \u201everwundeten Krieger\u201c sind ja zur Genesung dort \u2013 so steht es zumindest vorne auf dem Foto. Aber man wei\u00df auch, dass die Soldaten nach der Genesung wieder an die Front mussten. Alfred will aber erst einmal Weihnachten feiern, so gut es geht, und schreibt ohne Punkt und Komma an seine Wilhelmine.<\/p>\n<address><span style=\"font-size: 12pt; color: #008080;\">Feldpost-Karte<\/span><\/address>\n<address><span style=\"font-size: 12pt; color: #008080;\">Fr\u00e4ulein Wilhelmine R\u00f6ber<\/span><\/address>\n<address><span style=\"font-size: 12pt; color: #008080;\">Hofst(elle) Stuhr<\/span><\/address>\n<address><span style=\"font-size: 12pt; color: #008080;\">Velgen. Ebstorf<\/span><\/address>\n<address><span style=\"font-size: 12pt; color: #008080;\">Uelzen, Hannover<\/span><\/address>\n<address><span style=\"font-size: 12pt; color: #008080;\">\u00a0<\/span><\/address>\n<address><span style=\"font-size: 12pt; color: #008080;\">Nymphenburg, 13. 12.14<\/span><\/address>\n<address><span style=\"font-size: 12pt; color: #008080;\">Liebe Freundin<\/span><\/address>\n<address><span style=\"font-size: 12pt; color: #008080;\">habe heute Deine Karte erhalten wozu ich mir sehr gefreut habe aber mein Wunsch Weihnachten auf Urlaub kommen ist unm\u00f6glich die Wunde hat sich entz\u00fcndet auch habe ich Fieber vier Wochen eher kann ich hier nicht weg.<\/span><\/address>\n<address><span style=\"font-size: 12pt; color: #008080;\">W\u00fcnsche Euch Allen ein fr\u00f6hliches Weihnachtsfest<\/span><\/address>\n<address><span style=\"font-size: 12pt; color: #008080;\">Alfred<\/span><\/address>\n<address>\u00a0<\/address>\n<address><span style=\"font-size: 12pt; color: #008080;\"><a href=\"http:\/\/win2014.de\/wp-content\/uploads\/2014\/01\/4-3.jpg\"><img loading=\"lazy\" class=\"alignnone size-large wp-image-151\" src=\"http:\/\/win2014.de\/wp-content\/uploads\/2014\/01\/4-3-1024x647.jpg\" alt=\"4 3\" width=\"640\" height=\"404\" srcset=\"http:\/\/win2014.de\/wp-content\/uploads\/2014\/01\/4-3-1024x647.jpg 1024w, http:\/\/win2014.de\/wp-content\/uploads\/2014\/01\/4-3-300x189.jpg 300w, http:\/\/win2014.de\/wp-content\/uploads\/2014\/01\/4-3.jpg 1620w\" sizes=\"(max-width: 640px) 100vw, 640px\" \/><\/a><\/span><\/address>\n","protected":false},"excerpt":{"rendered":"<p>Bereits in den ersten drei Monaten des Krieges gab es immense Verluste durch Tod und Verwundung.\u00a0 Im Verlauf der ersten Grenzschlachten zwischen dem 20. und 25. August 1914 starben auf franz\u00f6sischer Seite rund 40.000 Soldaten, d.h. durchschnittlich etwa 8.000 M\u00e4nner &hellip; <a href=\"http:\/\/win2014.de\/?p=1916\">Weiterlesen <span class=\"meta-nav\">&rarr;<\/span><\/a><\/p>\n","protected":false},"author":1,"featured_media":1927,"comment_status":"closed","ping_status":"closed","sticky":false,"template":"","format":"standard","meta":[],"categories":[1,222,223,228,180,10],"tags":[34,29,179,14],"jetpack_featured_media_url":"http:\/\/win2014.de\/wp-content\/uploads\/2015\/01\/mm-010-Kopie.jpg","_links":{"self":[{"href":"http:\/\/win2014.de\/index.php?rest_route=\/wp\/v2\/posts\/1916"}],"collection":[{"href":"http:\/\/win2014.de\/index.php?rest_route=\/wp\/v2\/posts"}],"about":[{"href":"http:\/\/win2014.de\/index.php?rest_route=\/wp\/v2\/types\/post"}],"author":[{"embeddable":true,"href":"http:\/\/win2014.de\/index.php?rest_route=\/wp\/v2\/users\/1"}],"replies":[{"embeddable":true,"href":"http:\/\/win2014.de\/index.php?rest_route=%2Fwp%2Fv2%2Fcomments&post=1916"}],"version-history":[{"count":6,"href":"http:\/\/win2014.de\/index.php?rest_route=\/wp\/v2\/posts\/1916\/revisions"}],"predecessor-version":[{"id":1976,"href":"http:\/\/win2014.de\/index.php?rest_route=\/wp\/v2\/posts\/1916\/revisions\/1976"}],"wp:featuredmedia":[{"embeddable":true,"href":"http:\/\/win2014.de\/index.php?rest_route=\/wp\/v2\/media\/1927"}],"wp:attachment":[{"href":"http:\/\/win2014.de\/index.php?rest_route=%2Fwp%2Fv2%2Fmedia&parent=1916"}],"wp:term":[{"taxonomy":"category","embeddable":true,"href":"http:\/\/win2014.de\/index.php?rest_route=%2Fwp%2Fv2%2Fcategories&post=1916"},{"taxonomy":"post_tag","embeddable":true,"href":"http:\/\/win2014.de\/index.php?rest_route=%2Fwp%2Fv2%2Ftags&post=1916"}],"curies":[{"name":"wp","href":"https:\/\/api.w.org\/{rel}","templated":true}]}}