{"id":1912,"date":"2015-01-11T14:36:49","date_gmt":"2015-01-11T13:36:49","guid":{"rendered":"http:\/\/win2014.de\/?p=1912"},"modified":"2020-12-16T17:05:32","modified_gmt":"2020-12-16T16:05:32","slug":"die-ersten-kriegswochen","status":"publish","type":"post","link":"http:\/\/win2014.de\/?p=1912","title":{"rendered":"Die ersten Kriegswochen"},"content":{"rendered":"<p style=\"text-align: justify;\"><strong>So steht es in den Geschichtsb\u00fcchern und so haben wir es im Kopf: Der Kaiser hat am 1. August 1914 die allgemeine Mobilmachung befohlen und Russland den Krieg erkl\u00e4rt. Die Nachricht vom Kriegsausbruch verbreitete sich rasch im ganzen Reich, die Menschen sammelten sich vor den Plakaten an den Litfa\u00dfs\u00e4ulen und rissen sich um die Extrabl\u00e4tter. Junge Soldaten meldeten sich freiwillig. An den Transportwaggons standen Parolen wie: \u00bbIn sechs Wochen sind wir wieder zur\u00fcck. Lieb Vaterland magst ruhig sein, kein Franzose kommt \u00fcber den Rhein.\u00ab Doch die Wirklichkeit sah anders aus.<\/strong> <!--more weiterlesen--><\/p>\n<p style=\"text-align: justify;\">Nicht \u00fcberall entstand dieser kollektive Rausch mit dem sogenannten Hurrapatriotismus. Das mag in Berlin wohl so gewesen sein. Aber an der Grenze zu Belgien und Frankreich entstanden von Aachen bis nach S\u00fcdbaden schlagartig un\u00fcbersichtliche, bedrohliche Situationen. Die Einwohner haben die Aufm\u00e4rsche, Truppentransporte und Kriegshandlungen hautnah miterlebt. Hier schwankte die Stimmung zwischen nationaler Begeisterung und Kriegsfurcht \u2013 vor allem bei den daheim gebliebenen Frauen.<\/p>\n<p style=\"text-align: justify;\">Da gibt es z.B. die angesehene Familie van Rossum in Boppard. Der Vater ist Amtsgerichtsrat, die Kinder Otto und Paula erwachsen. Sie leben in wohlgeordneten Verh\u00e4ltnissen und streben akademische Berufe an. Paula erh\u00e4lt am 7. August von ihrer Freundin Grete aus Bonn eine Postkarte, eine weitere am 29. September 1914.<\/p>\n<address><a href=\"http:\/\/win2014.de\/wp-content\/uploads\/2014\/01\/3a_0001.jpg\"><img loading=\"lazy\" class=\"alignnone size-medium wp-image-27\" src=\"http:\/\/win2014.de\/wp-content\/uploads\/2014\/01\/3a_0001-195x300.jpg\" alt=\"3a_0001\" width=\"195\" height=\"300\" srcset=\"http:\/\/win2014.de\/wp-content\/uploads\/2014\/01\/3a_0001-195x300.jpg 195w, http:\/\/win2014.de\/wp-content\/uploads\/2014\/01\/3a_0001-665x1024.jpg 665w, http:\/\/win2014.de\/wp-content\/uploads\/2014\/01\/3a_0001.jpg 1056w\" sizes=\"(max-width: 195px) 100vw, 195px\" \/><\/a> <a href=\"http:\/\/win2014.de\/wp-content\/uploads\/2014\/01\/3a_0002.jpg\"><img loading=\"lazy\" class=\"alignnone size-medium wp-image-28\" src=\"http:\/\/win2014.de\/wp-content\/uploads\/2014\/01\/3a_0002-194x300.jpg\" alt=\"3a_0002\" width=\"194\" height=\"300\" srcset=\"http:\/\/win2014.de\/wp-content\/uploads\/2014\/01\/3a_0002-194x300.jpg 194w, http:\/\/win2014.de\/wp-content\/uploads\/2014\/01\/3a_0002-664x1024.jpg 664w, http:\/\/win2014.de\/wp-content\/uploads\/2014\/01\/3a_0002.jpg 1056w\" sizes=\"(max-width: 194px) 100vw, 194px\" \/><\/a><\/address>\n<address><span style=\"font-size: 12pt;\">Fr\u00e4ulein<\/span><\/address>\n<address><span style=\"font-size: 12pt;\">Paula van Rossum<\/span><\/address>\n<address><span style=\"font-size: 12pt;\">Boppard, Mainzerstr(a\u00dfe)<\/span><\/address>\n<address><span style=\"font-size: 12pt;\">\u00a0<\/span><\/address>\n<address><span style=\"font-size: 12pt;\">Bonn, Schillerstr(a\u00dfe) 20<\/span><\/address>\n<address><span style=\"font-size: 12pt;\">Liebe Paula.<\/span><\/address>\n<address><span style=\"font-size: 12pt;\">So traurig wie hier wird\u2019s bei Euch wohl auch aussehen. Gut, da\u00df eine Postkarte nur kein Mittel ist, es zum Ausdruck zu bringen. Wo ist denn Dein Bruder hin? In einigen Tagen bekommt man Briefe doch sicher wieder p\u00fcnktlich besorgt.-<\/span><\/address>\n<address><span style=\"font-size: 12pt;\">Josef und Otto sind seit einigen Tagen fort. Josef in Coblenz, Otto in Trier. Carl ist hier bei den Husaren, Max bei der Infanterie. In 4 Wochen werden sie wohl auch ausr\u00fccken. Theo hatte sich freiwillig gestellt, ist aber nicht genommen worden, wahrscheinlich kommt er morgen zum Landsturm. Das sind Tatsachen, die sich ganz gut lesen, aber wie traurig es ist und da\u00df es noch schlimmer wird, kannst Du Dir denken. Schreib doch mal und ob Dir ein Bild von uns 6 Freude machen w\u00fcrde. Wir haben uns Sonntag mit Mutter photographieren lassen.<\/span><\/address>\n<address><span style=\"font-size: 12pt;\">Gr\u00fc\u00dfe Deine verehrten Eltern herzlich. Dir einen innigen Gru\u00df von Deiner tr(euen) Grete 7.8.14<\/span><\/address>\n<address>\u00a0<\/address>\n<address><img loading=\"lazy\" src=\"http:\/\/win2014.de\/wp-content\/uploads\/2014\/01\/3_0001-190x300.jpg\" alt=\"3_0001\" width=\"190\" height=\"300\" \/>\u00a0<a href=\"http:\/\/win2014.de\/wp-content\/uploads\/2014\/01\/3_0002.jpg\"><img loading=\"lazy\" class=\"alignnone size-medium wp-image-26\" src=\"http:\/\/win2014.de\/wp-content\/uploads\/2014\/01\/3_0002-192x300.jpg\" alt=\"3_0002\" width=\"192\" height=\"300\" srcset=\"http:\/\/win2014.de\/wp-content\/uploads\/2014\/01\/3_0002-192x300.jpg 192w, http:\/\/win2014.de\/wp-content\/uploads\/2014\/01\/3_0002-657x1024.jpg 657w, http:\/\/win2014.de\/wp-content\/uploads\/2014\/01\/3_0002.jpg 1056w\" sizes=\"(max-width: 192px) 100vw, 192px\" \/><\/a><\/address>\n<address><span style=\"font-size: 12pt;\">Dienstag 29. Sept(ember) 14<\/span><\/address>\n<address><span style=\"font-size: 12pt;\">Liebe Paula.<\/span><\/address>\n<address><span style=\"font-size: 12pt;\">Das glaube ich gerne, da\u00df Du bei dem anstrengenden Dienst nicht so leicht zum Briefschreiben kommst, vielen Dank f\u00fcr die liebe Karte. Carls Adr(esse) ist: Kriegsfreiwilliger C. G. VIII. Korps, 16. Division, Husaren Reg(iment) 7, 5. Schwadron. Er schreibt uns recht vergn\u00fcgt \u2013 Otto, der das schreckliche Elend schon \u00fcberall gesehen, viel ernster.<\/span><\/address>\n<address><span style=\"font-size: 12pt;\">Jetzt schickst Du mir auch Deines Bruders Adresse bitte. Gut, da\u00df Du kein Paket hierhin geschickt hast. Die Autof\u00fchrer k\u00f6nnen die Privatpakete nicht besorgen, einige sind schon zur\u00fcckgekommen, jetzt versuche ich es bei den Ersatzabteilungen. An der Post sagte man mir, bis zehn Pfund n\u00e4hmen die Ersatzregimenter sie an. Unsere Jungen haben leider noch kein einziges Briefpaketchen erhalten. Schade, die Post m\u00fc\u00dfte doch besser arbeiten. Gansens aus der Auguststr(a\u00dfe) schreiben t\u00e4glich an Hermann und haben von ihm seit Ende August kein Lebenszeichen. Besonders Onkel ist sehr traurig. Wenn doch nur Friede w\u00e4re, ich glaube so recht froh wird man nach diesem Kriege so bald nicht mehr.<\/span><\/address>\n<address><span style=\"font-size: 12pt;\">Ich bin jetzt wieder an der Bahn. Es ist zu traurig, die armen Verwundeten sind doch vielfach b\u00f6se zugerichtet. Spezialist will ich ausfindig machen.<\/span><\/address>\n<address><span style=\"font-size: 12pt;\">Viele Gr\u00fc\u00dfe auch Deinen verehrten Eltern<\/span><\/address>\n<address><span style=\"font-size: 12pt;\">Grete<\/span><\/address>\n","protected":false},"excerpt":{"rendered":"<p>So steht es in den Geschichtsb\u00fcchern und so haben wir es im Kopf: Der Kaiser hat am 1. August 1914 die allgemeine Mobilmachung befohlen und Russland den Krieg erkl\u00e4rt. Die Nachricht vom Kriegsausbruch verbreitete sich rasch im ganzen Reich, die &hellip; <a href=\"http:\/\/win2014.de\/?p=1912\">Weiterlesen <span class=\"meta-nav\">&rarr;<\/span><\/a><\/p>\n","protected":false},"author":1,"featured_media":1926,"comment_status":"closed","ping_status":"closed","sticky":false,"template":"","format":"standard","meta":[],"categories":[1,222,10],"tags":[34,179,30,238,45,214],"jetpack_featured_media_url":"http:\/\/win2014.de\/wp-content\/uploads\/2015\/01\/20140624_140827-Kopie.jpg","_links":{"self":[{"href":"http:\/\/win2014.de\/index.php?rest_route=\/wp\/v2\/posts\/1912"}],"collection":[{"href":"http:\/\/win2014.de\/index.php?rest_route=\/wp\/v2\/posts"}],"about":[{"href":"http:\/\/win2014.de\/index.php?rest_route=\/wp\/v2\/types\/post"}],"author":[{"embeddable":true,"href":"http:\/\/win2014.de\/index.php?rest_route=\/wp\/v2\/users\/1"}],"replies":[{"embeddable":true,"href":"http:\/\/win2014.de\/index.php?rest_route=%2Fwp%2Fv2%2Fcomments&post=1912"}],"version-history":[{"count":5,"href":"http:\/\/win2014.de\/index.php?rest_route=\/wp\/v2\/posts\/1912\/revisions"}],"predecessor-version":[{"id":1980,"href":"http:\/\/win2014.de\/index.php?rest_route=\/wp\/v2\/posts\/1912\/revisions\/1980"}],"wp:featuredmedia":[{"embeddable":true,"href":"http:\/\/win2014.de\/index.php?rest_route=\/wp\/v2\/media\/1926"}],"wp:attachment":[{"href":"http:\/\/win2014.de\/index.php?rest_route=%2Fwp%2Fv2%2Fmedia&parent=1912"}],"wp:term":[{"taxonomy":"category","embeddable":true,"href":"http:\/\/win2014.de\/index.php?rest_route=%2Fwp%2Fv2%2Fcategories&post=1912"},{"taxonomy":"post_tag","embeddable":true,"href":"http:\/\/win2014.de\/index.php?rest_route=%2Fwp%2Fv2%2Ftags&post=1912"}],"curies":[{"name":"wp","href":"https:\/\/api.w.org\/{rel}","templated":true}]}}