{"id":1797,"date":"2015-01-07T16:32:39","date_gmt":"2015-01-07T15:32:39","guid":{"rendered":"http:\/\/win2014.de\/?p=1797"},"modified":"2020-12-16T17:05:51","modified_gmt":"2020-12-16T16:05:51","slug":"krueppel-normal","status":"publish","type":"post","link":"http:\/\/win2014.de\/?p=1797","title":{"rendered":"Kr\u00fcppel? &#8211; Normal!"},"content":{"rendered":"<p style=\"text-align: justify;\"><a href=\"http:\/\/win2014.de\/wp-content\/uploads\/2015\/01\/kr\u00fc_0001-Kopie.jpg\"><img loading=\"lazy\" class=\"alignleft wp-image-1825 \" src=\"http:\/\/win2014.de\/wp-content\/uploads\/2015\/01\/kr\u00fc_0001-Kopie-300x173.jpg\" alt=\"kr\u00fc_0001 - Kopie\" width=\"208\" height=\"120\" srcset=\"http:\/\/win2014.de\/wp-content\/uploads\/2015\/01\/kr\u00fc_0001-Kopie-300x173.jpg 300w, http:\/\/win2014.de\/wp-content\/uploads\/2015\/01\/kr\u00fc_0001-Kopie-1024x591.jpg 1024w, http:\/\/win2014.de\/wp-content\/uploads\/2015\/01\/kr\u00fc_0001-Kopie.jpg 1149w\" sizes=\"(max-width: 208px) 100vw, 208px\" \/><\/a><strong>Moderne Kr\u00fcppelpflege &#8211; mit dieser \u00dcberschrift hat die Frauenrechtlerin Anna Plothow vor 100 Jahren einen bemerkenswerten Artikel im Illustrierten Jahrbuch von 1915 verfasst. Sie schreibt gleich zu Beginn, was wir heute manchmal auch empfinden:<\/strong><\/p>\n<p style=\"text-align: justify;\"><strong><em>\u201eBei dem Wort \u201eKr\u00fcppel\u201c \u00fcberl\u00e4uft viele Menschen ein aus Grauen und Mitleid gemischtes Gef\u00fchl. Aber das soziale Bewusstsein unserer Zeit hat auch dieses kaltherzige Abtun und dieses falsche Mitleid \u00fcberwunden.\u201c<\/em><\/strong><\/p>\n<p style=\"text-align: justify;\">Das sind erstaunliche Gedanken f\u00fcr 1915. Anna Plathow beschreibt ausf\u00fchrlich die modernen Anf\u00e4nge eines menschlicheren Umgangs mit k\u00f6rperbehinderten Menschen. Der Berliner Orthop\u00e4de Konrad Biesalski war dabei die treibende Kraft. Innerhalb weniger Jahre schaffte er es, die sogenannte \u201eKr\u00fcppelpflege\u201c gesellschaftsf\u00e4hig zu machen. In Berlin wurde u.a. mit Unterst\u00fctzung zahlreicher Spenden ein modernes Heim f\u00fcr k\u00f6rperbehinderte Kinder gebaut \u2013 das Oskar-Helene-Heim. Die Kaiserin war bei der Einweihung am 27. Mai 1914 dabei.<br \/>\nAber dann begann wenige Wochen sp\u00e4ter der erste Weltkrieg. Innerhalb kurzer Zeit wurde das moderne Kinderheim in ein Lazarett umgewandelt. Moderne Kr\u00fcppelpflege? Der Krieg hatte pl\u00f6tzlich andere \u201eKr\u00fcppel\u201c zu versorgen. Aber der Reihe nach.<br \/>\n<!--more weiterlesen--><\/p>\n<div id=\"attachment_1862\" style=\"width: 187px\" class=\"wp-caption alignright\"><a href=\"http:\/\/win2014.de\/wp-content\/uploads\/2015\/01\/b053c1e68e.jpg\"><img aria-describedby=\"caption-attachment-1862\" loading=\"lazy\" class=\"wp-image-1862 size-full\" src=\"http:\/\/win2014.de\/wp-content\/uploads\/2015\/01\/b053c1e68e.jpg\" alt=\"b053c1e68e\" width=\"177\" height=\"220\" \/><\/a><p id=\"caption-attachment-1862\" class=\"wp-caption-text\">Konrad Biesalski, 1868-1930<\/p><\/div>\n<p style=\"text-align: justify;\">Das Oskar-Helene-Heim war nicht der Anfang, um k\u00f6rperbehinderten Kinder zu helfen, sondern eher der sichtbare Punkt einer l\u00e4ngeren Entwicklung, die vor allem durch Konrad Biesalski vorangetrieben wurde. 1906 wurde Biesalski Leiter der Orthop\u00e4die am Urban-Krankenhaus in Berlin. Sein Augenmerk richtete er vor allem auf die sogenannten Kr\u00fcppelkinder, die nach Unf\u00e4llen oder von Geburt an nicht richtig laufen konnten.<br \/>\nSchon 1905 hatte er den \u201eKr\u00fcppel-Heil-und-F\u00fcrsorge-Verein f\u00fcr Berlin-Brandenburg\u201c gegr\u00fcndet. 1906 veranlasste er eine \u201eKr\u00fcppelz\u00e4hlung\u201c, um die Zahl der verkr\u00fcppelten Kinder feststellen zu lassen. In seiner ethischen Grundhaltung forderte er eine ganzheitliche Behandlung. Sein Motto war: \u201eNicht ein einzelner Fu\u00df soll behandelt werden, sondern der ganze Mensch.\u201c<br \/>\nNeben seiner Arbeit im Urban-Krankenhaus verfolgte Biesalski zehn Jahre lang die Idee, in Berlin eine orthop\u00e4dische Modellanstalt zu bauen, in der k\u00f6rperbehinderte Kinder nach modernsten Methoden behandelt werden sollten. 1914 hatte er sein Ziel erreicht.<br \/>\nIm Mai 1914 wurde &#8211; wie oben erw\u00e4hnt \u2013 das Oskar-Helene-Heim eingeweiht. Es lag auf einem weitl\u00e4ufigen Waldgel\u00e4nde in Zehlendorf. Der Bau wurde erm\u00f6glicht durch die Stiftung des Unternehmers Oskar und seiner Frau Helene Pintsch.<br \/>\nDie Entstehung dieser Modellanstalt und die damit verbundene Kr\u00fcppelf\u00fcrsorge hat der Heidelberger Privatdozent Philipp Osten in seiner Dissertation ausf\u00fchrlich und kenntnisreich auf \u00fcber 400 Seiten erforscht und dargestellt. Wer sich ausf\u00fchrlicher dar\u00fcber informieren will, findet seine Dissertation im Internet und kann sie als PDF-Datei herunterladen (siehe unten: Quellen).<\/p>\n<div id=\"attachment_1818\" style=\"width: 205px\" class=\"wp-caption alignleft\"><a href=\"http:\/\/win2014.de\/wp-content\/uploads\/2015\/01\/kr\u00fcka_0001.jpg\"><img aria-describedby=\"caption-attachment-1818\" loading=\"lazy\" class=\"wp-image-1818 size-medium\" src=\"http:\/\/win2014.de\/wp-content\/uploads\/2015\/01\/kr\u00fcka_0001-195x300.jpg\" alt=\"kr\u00fcka_0001\" width=\"195\" height=\"300\" srcset=\"http:\/\/win2014.de\/wp-content\/uploads\/2015\/01\/kr\u00fcka_0001-195x300.jpg 195w, http:\/\/win2014.de\/wp-content\/uploads\/2015\/01\/kr\u00fcka_0001-667x1024.jpg 667w, http:\/\/win2014.de\/wp-content\/uploads\/2015\/01\/kr\u00fcka_0001.jpg 1063w\" sizes=\"(max-width: 195px) 100vw, 195px\" \/><\/a><p id=\"caption-attachment-1818\" class=\"wp-caption-text\">Feldpostkarte von 1915<\/p><\/div>\n<p style=\"text-align: justify;\">Die Kaiserin war bei der Einweihung am 27. Mai 1914 dabei. Dann aber begann \u2013 wenige Wochen sp\u00e4ter \u2013 der erste Weltkrieg. Biesalski handelte schnell und weitsichtig. Innerhalb kurzer Zeit lie\u00df er das Kinderheim in ein Lazarett umwandeln. Eine Invalidenschule wurde angegliedert, um Kriegsversehrte nachzubehandeln und ihre berufliche Eingliederung zu erm\u00f6glichen. Es war eine Mobilmachung der besonderen Art. Schnell wurde aus der Kr\u00fcppelf\u00fcrsorge die \u201eKriegskr\u00fcppelf\u00fcrsorge\u201c.<br \/>\nIm Berliner Tageblatt und in seiner Schrift \u201eDie F\u00fcrsorge f\u00fcr unsere heimkehrenden Krieger\u201c warb Biesalski genauso vehement f\u00fcr die verwundeten Soldaten wie zuvor f\u00fcr k\u00f6rperbehinderte Kinder. Seine Formulierungen waren allerdings nicht frei von der damaligen Kriegsrhetorik.<\/p>\n<hr \/>\n<p style=\"text-align: center;\"><strong><span style=\"font-family: arial,helvetica,sans-serif; font-size: 14pt; color: #ff0000;\">Wie helfen wir unsern Kriegskr\u00fcppeln?<\/span><\/strong><\/p>\n<div id=\"attachment_1814\" style=\"width: 239px\" class=\"wp-caption alignleft\"><a href=\"http:\/\/win2014.de\/wp-content\/uploads\/2015\/01\/kr\u00fcppel_0001.jpg\"><img aria-describedby=\"caption-attachment-1814\" loading=\"lazy\" class=\"wp-image-1814\" src=\"http:\/\/win2014.de\/wp-content\/uploads\/2015\/01\/kr\u00fcppel_0001-234x300.jpg\" alt=\"kr\u00fcppel_0001\" width=\"229\" height=\"293\" srcset=\"http:\/\/win2014.de\/wp-content\/uploads\/2015\/01\/kr\u00fcppel_0001-234x300.jpg 234w, http:\/\/win2014.de\/wp-content\/uploads\/2015\/01\/kr\u00fcppel_0001-800x1024.jpg 800w, http:\/\/win2014.de\/wp-content\/uploads\/2015\/01\/kr\u00fcppel_0001.jpg 815w\" sizes=\"(max-width: 229px) 100vw, 229px\" \/><\/a><p id=\"caption-attachment-1814\" class=\"wp-caption-text\">Bilder aus dem Illustrierten Jahrbuch des Berliner Tageblattes von 1915<\/p><\/div>\n<p style=\"text-align: justify;\"><span style=\"color: #008080;\">Der Krieg, der uns verbrecherisch aufgezwungen ist, zerst\u00f6rt die Bl\u00fcte unseres Volkes. Zu den Tausenden, die in fremder Erde bestattet werden, kommen Tausende, welche mit beschr\u00e4nkter Erwerbsf\u00e4higkeit zu uns zur\u00fcckkehren, und wenn auch der Gedanke, da\u00df gerade die kr\u00e4ftigsten und besten S\u00f6hne unseres Volkes als Kr\u00fcppel wieder die Lazarette in Scharen verlassen werden, grauenhaft und niederdr\u00fcckend ist, so m\u00fcssen wir doch diesem Schicksal, das uns auferlegt wird, mutig ins Auge sehen und Vorsorge treffen, um das Ungl\u00fcck soviel als in unseren Kr\u00e4ften steht, zu mildern. Und Gott sei Dank stehen uns daf\u00fcr zahllose und wirksame Mittel zur Verf\u00fcgung.<\/span><\/p>\n<p style=\"text-align: justify;\"><span style=\"color: #008080;\">Wir Kr\u00fcppelleute wissen selbst am besten, da\u00df, wenn der Wille dazu vorhanden ist, ein Verst\u00fcmmelter noch Verrichtungen ausf\u00fchren kann, die der Laie von vornherein f\u00fcr g\u00e4nzlich ausgeschlossen halten mu\u00df. Das schlagendste Beispiel wird immer Hoeftman&#8217;s Mann ohne H\u00e4nde und F\u00fc\u00dfe bleiben, der trotzdem sich anziehen, essen, schreiben und sich selbstt\u00e4tig fortbewegen kann und Meister einer Drechslerlehranstalt ist. Jeder von uns hat \u00e4hnliche Beispiele aus eigenen Erfahrungen. <a href=\"http:\/\/win2014.de\/wp-content\/uploads\/2015\/01\/kr-4-Kopiej.jpg\"><img loading=\"lazy\" class=\"alignleft wp-image-1865 size-medium\" src=\"http:\/\/win2014.de\/wp-content\/uploads\/2015\/01\/kr-4-Kopiej-240x300.jpg\" alt=\"kr 4 - Kopiej\" width=\"240\" height=\"300\" srcset=\"http:\/\/win2014.de\/wp-content\/uploads\/2015\/01\/kr-4-Kopiej-240x300.jpg 240w, http:\/\/win2014.de\/wp-content\/uploads\/2015\/01\/kr-4-Kopiej.jpg 585w\" sizes=\"(max-width: 240px) 100vw, 240px\" \/><\/a>In den mir unterstellten Lazaretten benutze ich jeden \u00e4rztlichen Rundgang durch die Abteilungen, um schon jetzt die Gedanken der Verwundeten darauf zu lenken, da\u00df sie in ihrem alten Berufe wieder t\u00e4tig sein werden und m\u00fcssen.<\/span><\/p>\n<p style=\"text-align: justify;\"><span style=\"color: #008080;\">Ein Lehrer, dem der rechte Arm abgenommen werden mu\u00dfte und der zuerst aufs tiefste niedergeschlagen war, lernt jetzt mit der linken Hand schreiben und mit jedem Tag, wo er Fortschritte sieht, w\u00e4chst sein Glaube daran, da\u00df er wieder Lehrer sein kann.<\/span><\/p>\n<p style=\"text-align: justify;\"><span style=\"color: #008080;\"><a href=\"http:\/\/win2014.de\/wp-content\/uploads\/2015\/01\/kr\u00fcppel_0001-Kopie-Kopie.jpg\"><img loading=\"lazy\" class=\"alignleft wp-image-1812 \" src=\"http:\/\/win2014.de\/wp-content\/uploads\/2015\/01\/kr\u00fcppel_0001-Kopie-Kopie-250x300.jpg\" alt=\"kr\u00fcppel_0001 - Kopie - Kopie\" width=\"237\" height=\"284\" srcset=\"http:\/\/win2014.de\/wp-content\/uploads\/2015\/01\/kr\u00fcppel_0001-Kopie-Kopie-250x300.jpg 250w, http:\/\/win2014.de\/wp-content\/uploads\/2015\/01\/kr\u00fcppel_0001-Kopie-Kopie.jpg 784w\" sizes=\"(max-width: 237px) 100vw, 237px\" \/><\/a>Einen G\u00e4rtner mit Abtragung des Unterschenkels habe ich davon \u00fcberzeugt, da\u00df er wieder wird g\u00e4rtnern k\u00f6nnen; einen Landmann mit Verlust einer Hand, da\u00df er wieder wird m\u00e4hen und harken k\u00f6nnen. Ein Maurer, dem der rechte Unterarm in der Mitte abgenommen wurde, lernt allm\u00e4hlich auf mein Zureden begreifen, da\u00df es f\u00fcr ihn wohl m\u00f6glich sein wird, trotz dieses Verlustes wieder mauern zu k\u00f6nnen. Seine Bef\u00fcrchtung, er w\u00fcrde keine Arbeit finden, habe ich ihm mit der feierlichen Versicherung genommen, da\u00df es uns gelingen wird, die deutsche Arbeitgeberschaft dazu zu bringen, auch erwerbsbeschr\u00e4nkte Arbeiter wieder zu besch\u00e4ftigen. Neben dem reinen Handarbeiter wird aber auch noch eine nicht geringe Zahl von Verst\u00fcmmelungen solche Krieger treffen, die ihr Brot mit dem Kopfe verdienen; und diese werden manchmal ganz besonders schwer durch die Erwerbsbeschr\u00e4nkung betroffen sein.<\/span><\/p>\n<div id=\"attachment_1844\" style=\"width: 633px\" class=\"wp-caption aligncenter\"><a href=\"http:\/\/win2014.de\/wp-content\/uploads\/2015\/01\/ngcs.staatsbibliothek-berlin.de-k1-Kopie1.jpg\"><img aria-describedby=\"caption-attachment-1844\" loading=\"lazy\" class=\"wp-image-1844 size-full\" src=\"http:\/\/win2014.de\/wp-content\/uploads\/2015\/01\/ngcs.staatsbibliothek-berlin.de-k1-Kopie1.jpg\" alt=\"ngcs.staatsbibliothek-berlin.de k1 - Kopie\" width=\"623\" height=\"703\" srcset=\"http:\/\/win2014.de\/wp-content\/uploads\/2015\/01\/ngcs.staatsbibliothek-berlin.de-k1-Kopie1.jpg 623w, http:\/\/win2014.de\/wp-content\/uploads\/2015\/01\/ngcs.staatsbibliothek-berlin.de-k1-Kopie1-265x300.jpg 265w\" sizes=\"(max-width: 623px) 100vw, 623px\" \/><\/a><p id=\"caption-attachment-1844\" class=\"wp-caption-text\">Konrad Biesalski, Die F\u00fcrsorge f\u00fcr unsere heimkehrenden Krieger, insbesondere die Kriegskr\u00fcppelf\u00fcrsorge, Leipzig, 1915<\/p><\/div>\n<p style=\"text-align: justify;\"><a href=\"http:\/\/win2014.de\/wp-content\/uploads\/2015\/01\/mm_0003.jpg\"><img loading=\"lazy\" class=\"alignright wp-image-1816 \" src=\"http:\/\/win2014.de\/wp-content\/uploads\/2015\/01\/mm_0003-190x300.jpg\" alt=\"mm_0003\" width=\"158\" height=\"250\" srcset=\"http:\/\/win2014.de\/wp-content\/uploads\/2015\/01\/mm_0003-190x300.jpg 190w, http:\/\/win2014.de\/wp-content\/uploads\/2015\/01\/mm_0003-649x1024.jpg 649w, http:\/\/win2014.de\/wp-content\/uploads\/2015\/01\/mm_0003.jpg 1381w\" sizes=\"(max-width: 158px) 100vw, 158px\" \/><\/a>Konrad Biesalski hat vor 100 Jahren mit seinen Ideen und seiner Tatkraft die Leitlinien daf\u00fcr gelegt, wie man mit Menschen umgeht, die besch\u00e4digt, behindert, beeintr\u00e4chtigt oder &#8211; wie es vor 100 Jahren noch hie\u00df \u2013 verkr\u00fcppelt sind.<br \/>\nAuch wenn die Begriffe \u201eBehinderung\u201c, \u201eIntegration\u201c und \u201eInklusion\u201c heute wie selbstverst\u00e4ndlich gebraucht werden, ringen wir doch immer wieder um die richtigen Formulierungen und das richtige Verst\u00e4ndnis daf\u00fcr. Unsere Hilflosigkeit h\u00e4lt ja bis heute an, auch wenn man inzwischen nicht mehr von Kr\u00fcppeln spricht. Es ist nicht nur ein gesellschaftliches Problem, sondern auch ein sprachliches.<\/p>\n<div id=\"attachment_1810\" style=\"width: 234px\" class=\"wp-caption alignleft\"><a href=\"http:\/\/win2014.de\/wp-content\/uploads\/2015\/01\/2013_01_29ME0230.jpg\"><img aria-describedby=\"caption-attachment-1810\" loading=\"lazy\" class=\"wp-image-1810 \" src=\"http:\/\/win2014.de\/wp-content\/uploads\/2015\/01\/2013_01_29ME0230-199x300.jpg\" alt=\"v.l.n.r.: Joachim Gauck ( Bundespr\u00e4sident ),Nora Sties ( \u00dcbungsleiterin Turnverein Laubenheim 1883 e.V. ),Dr. Thomas Bach ( Pr\u00e4sident des Deutschen Olympischen Sportbundes ),Uwe Fr\u00f6hlich (Pr\u00e4sident Bundesverband der Deutschen Volks- und Raiffeisenbanken ),\" width=\"224\" height=\"338\" \/><\/a><p id=\"caption-attachment-1810\" class=\"wp-caption-text\">Preisverleihung \u201eGoldener Stern\u201c<\/p><\/div>\n<p style=\"text-align: justify;\">Dazu forscht im Augenblick die Doktorandin Nora Sties in Mainz. In einem sehens- und h\u00f6renswerten Video-Beitrag hat sie die sprachliche Problematik zum Thema gemacht und in einem Vortrag in Hamburg dargestellt: <em>Die Kr\u00fcppelf\u00fcrsorge auf dem Weg zur Inklusion \u2013 100 Jahre sprachliche Aushandlung von Mensch-Sein und Behindert-Werden<\/em>.<br \/>\nNora Sties empfing \u00fcbrigens 2013 f\u00fcr den Turnverein Laubenheim den \u201eGoldenen Stern des Sports\u201c. \u201eDie Schule rollt\u201c hei\u00dft das Motto. \u00dcbungsleiter &#8211; selbst im Rollstuhl &#8211; zeigen, wie Gehbehinderte und Nicht-Gehbehinderte gemeinsam Sport treiben k\u00f6nnen. Sch\u00fcler und Lehrer k\u00f6nnen so selbst erfahren, wie man sich im Rollstuhl fortbewegt. <span style=\"font-size: 10pt;\"><em><a href=\"http:\/\/www.mitmachzeitungmainz.de\/article\/f0e16a\">http:\/\/www.mitmachzeitungmainz.de\/article\/f0e16a<\/a><\/em><\/span><\/p>\n<p><iframe loading=\"lazy\" class=\"strobemediaplayback-video-player\" src=\"https:\/\/lecture2go.uni-hamburg.de\/liferay-jedi-theme\/javascript\/strobe\/embed.html?src=https:\/\/fms.rrz.uni-hamburg.de\/vod\/_definst_\/mp4:7l2gl2go039\/00.000_sties_2014-07-24_14-15.mp4\/manifest.f4m&amp;poster=https:\/\/lecture2go.uni-hamburg.de\/images\/00.000_sties_2014-07-24_14-15.jpg\" width=\"500\" height=\"250\"> <\/iframe><\/p>\n<p style=\"text-align: left;\">Quelle:<em> <a href=\"https:\/\/lecture2go.uni-hamburg.de\/veranstaltungen\/-\/v\/16582\">https:\/\/lecture2go.uni-hamburg.de\/veranstaltungen\/-\/v\/16582<\/a><\/em><\/p>\n<p style=\"text-align: justify;\">F\u00fcr eine Gesellschaft ohne jedwede Barrieren stritt schon in den achtziger Jahren die \u201eKr\u00fcppelbewegung\u201c. Der kaum noch gebr\u00e4uchliche Begriff \u201eKr\u00fcppel\u201c wurde damals ganz bewusst gew\u00e4hlt. Es war ein <em>\u201eAufschrei, ein Ruf nach Teilhabe ohne Bevormundung, nach Selbstbestimmung ohne gutmenschelnde Stellvertretung. Behinderte wollten nicht l\u00e4nger betreut und also entm\u00fcndigt werden\u201c<\/em>.<br \/>\n<a href=\"http:\/\/win2014.de\/wp-content\/uploads\/2015\/01\/krueppel-01.jpg\"><img loading=\"lazy\" class=\"alignleft wp-image-1849 size-full\" src=\"http:\/\/win2014.de\/wp-content\/uploads\/2015\/01\/krueppel-01.jpg\" alt=\"krueppel-01\" width=\"154\" height=\"200\" \/><\/a>1981 war das \u201eJahr der Behinderung\u201c. Wir erinnern uns vielleicht noch an die Fernsehbilder eines Mannes, der mit seiner Kr\u00fccke Bundespr\u00e4sident Karl Carstens ans Bein schlug. Er litt an den Folgen einer Kinderl\u00e4hmung. Seinen Angriff erkl\u00e4rte er damit, dass Behinderte permanent strukturelle und auch pers\u00f6nliche Gewalt zu sp\u00fcren bek\u00e4men. Von daher sei es nur logisch, \u201edass manche von uns auf die Idee kommen, uns gegen die Gewalt mit \u201aGewalt\u2018 zu wehren\u201c.<\/p>\n<p style=\"text-align: justify;\">Die in Bremen verlegte \u201eKr\u00fcppelzeitung\u201c, die nur von Nicht-Behinderten herausgegeben wurde, steuerte eine Karikatur dazu bei: \u201eJedem Kr\u00fcppel seinen Kn\u00fcppel\u201c.<\/p>\n<p style=\"text-align: justify;\">Zu w\u00fcnschen ist, dass der Umgang mit den sprachlichen Begriffen, aber auch mit den Menschen, die es betrifft, freier und ungezwungener wird und im Einklang damit steht, was die Betroffenen selber richtig finden..<\/p>\n<hr \/>\n<p style=\"text-align: justify;\"><strong><span style=\"color: #ff0000; font-family: arial,helvetica,sans-serif; font-size: 14pt;\">Quellen<\/span><\/strong><br \/>\nPhilipp Osten, Die Modellanstalt, \u00dcber den Aufbau einer \u201emodernen Kr\u00fcppelf\u00fcrsorge\u201c 1905 1933, Mabuse Verlag, Frankfurt, 2004<br \/>\nAu\u00dferdem hat Philipp Osten im Deutschen \u00c4rzteblatt in einem Essay dargestellt. Erster Weltkrieg 1914\u20131918: \u201eKeine Wohltat, sondern Arbeit f\u00fcr verkr\u00fcppelte Krieger\u201c<br \/>\nDtsch Arztebl 2014; 111(42): A-1790 \/ B-1538 \/ C-1470<br \/>\n<em><a href=\"http:\/\/www.aerzteblatt.de\/archiv\/162864\/Erster-Weltkrieg-1914-1918-Keine-Wohltat-sondern-Arbeit-fuer-verkrueppelte-Krieger\">http:\/\/www.aerzteblatt.de\/archiv\/162864\/Erster-Weltkrieg-1914-1918-Keine-Wohltat-sondern-Arbeit-fuer-verkrueppelte-Krieger<\/a><\/em><\/p>\n<p style=\"text-align: left;\">Weitere Links zu Nora Sties, Von der Kr\u00fcppelf\u00fcrsorge zur Inklusion: <em><a href=\"http:\/\/www.socum.uni-mainz.de\/personen\/nora-sties-m-a\/\">http:\/\/www.socum.uni-mainz.de\/personen\/nora-sties-m-a\/<\/a><\/em><br \/>\n<em> <a href=\"http:\/\/www.krass-mag.net\/2014\/09\/inklusion-bedeutet-eine-wahl-zu-haben\/\">http:\/\/www.krass-mag.net\/2014\/09\/inklusion-bedeutet-eine-wahl-zu-haben\/<\/a><\/em><\/p>\n<p style=\"text-align: justify;\">Christian M\u00fcrner und Udo Sierck, Kr\u00fcppelzeitung. Brisanz der Behindertenbewegung, Verlag AG SPAK B\u00fccher, Neu-Ulm, 2009<br \/>\n<em><a href=\"http:\/\/www.sueddeutsche.de\/kultur\/buecher-ueber-behinderung-unvollkommen-schoen-1.167863\">http:\/\/www.sueddeutsche.de\/kultur\/buecher-ueber-behinderpung-unvollkommen-schoen-1.167863<\/a><\/em><br \/>\n<em><a href=\"http:\/\/www.ak-mob.org\/2014\/03\/29\/jedem-krueppel-seinen-knueppel-zur-care-revolution-ausgabe-der-zeitschrift-contraste\/\">http:\/\/www.ak-mob.org\/2014\/03\/29\/jedem-krueppel-seinen-knueppel-zur-care-revolution-ausgabe-der-zeitschrift-contraste\/<\/a><\/em><\/p>\n<p style=\"text-align: justify;\">Leonhard Frank, Der Kriegskr\u00fcppel, in: Der Mensch ist gut, Max Rascher Verlag, Z\u00fcrich, 1918, geschrieben 1916 bis Fr\u00fchling 1917 \u00a0\u00a0 <em><a href=\"http:\/\/win2014.de\/?page_id=1319\">http:\/\/win2014.de\/?page_id=1319<\/a><\/em><\/p>\n","protected":false},"excerpt":{"rendered":"<p>Moderne Kr\u00fcppelpflege &#8211; mit dieser \u00dcberschrift hat die Frauenrechtlerin Anna Plothow vor 100 Jahren einen bemerkenswerten Artikel im Illustrierten Jahrbuch von 1915 verfasst. Sie schreibt gleich zu Beginn, was wir heute manchmal auch empfinden: \u201eBei dem Wort \u201eKr\u00fcppel\u201c \u00fcberl\u00e4uft viele &hellip; <a href=\"http:\/\/win2014.de\/?p=1797\">Weiterlesen <span class=\"meta-nav\">&rarr;<\/span><\/a><\/p>\n","protected":false},"author":1,"featured_media":1823,"comment_status":"closed","ping_status":"closed","sticky":false,"template":"","format":"standard","meta":[],"categories":[1,222,223,228,180,226,10],"tags":[16,230,231,215,6,45],"jetpack_featured_media_url":"http:\/\/win2014.de\/wp-content\/uploads\/2015\/01\/kr\u00fc_0004-Kopie.jpg","_links":{"self":[{"href":"http:\/\/win2014.de\/index.php?rest_route=\/wp\/v2\/posts\/1797"}],"collection":[{"href":"http:\/\/win2014.de\/index.php?rest_route=\/wp\/v2\/posts"}],"about":[{"href":"http:\/\/win2014.de\/index.php?rest_route=\/wp\/v2\/types\/post"}],"author":[{"embeddable":true,"href":"http:\/\/win2014.de\/index.php?rest_route=\/wp\/v2\/users\/1"}],"replies":[{"embeddable":true,"href":"http:\/\/win2014.de\/index.php?rest_route=%2Fwp%2Fv2%2Fcomments&post=1797"}],"version-history":[{"count":90,"href":"http:\/\/win2014.de\/index.php?rest_route=\/wp\/v2\/posts\/1797\/revisions"}],"predecessor-version":[{"id":1975,"href":"http:\/\/win2014.de\/index.php?rest_route=\/wp\/v2\/posts\/1797\/revisions\/1975"}],"wp:featuredmedia":[{"embeddable":true,"href":"http:\/\/win2014.de\/index.php?rest_route=\/wp\/v2\/media\/1823"}],"wp:attachment":[{"href":"http:\/\/win2014.de\/index.php?rest_route=%2Fwp%2Fv2%2Fmedia&parent=1797"}],"wp:term":[{"taxonomy":"category","embeddable":true,"href":"http:\/\/win2014.de\/index.php?rest_route=%2Fwp%2Fv2%2Fcategories&post=1797"},{"taxonomy":"post_tag","embeddable":true,"href":"http:\/\/win2014.de\/index.php?rest_route=%2Fwp%2Fv2%2Ftags&post=1797"}],"curies":[{"name":"wp","href":"https:\/\/api.w.org\/{rel}","templated":true}]}}