{"id":1732,"date":"2015-01-01T23:28:43","date_gmt":"2015-01-01T22:28:43","guid":{"rendered":"http:\/\/win2014.de\/?p=1732"},"modified":"2020-12-16T17:06:05","modified_gmt":"2020-12-16T16:06:05","slug":"abitur-1915-und-was-dann","status":"publish","type":"post","link":"http:\/\/win2014.de\/?p=1732","title":{"rendered":"Abitur 1915 \u2013 und was dann?"},"content":{"rendered":"<p style=\"text-align: justify;\"><strong>In wenigen Wochen beginnen in Deutschland die Abiturpr\u00fcfungen 2015. Sp\u00e4testens jetzt muss sich jeder Sch\u00fcler fragen: Abitur \u2013 was dann? Studium, Beruf bzw. Ausbildung oder ins Ausland? Ein Freiwilliges Soziales Jahr? Oder doch Bundeswehr? Die Qual der Wahl wird nicht kleiner durch Begabungsanalysen, die in Internetportalen angeboten werden.<\/strong><br \/>\n<strong> Da hatten es die Gymnasiasten vor 100 Jahren leichter. Auf den ersten Blick. Es gab kaum Alternativen. Es ging nur um die Frage normaler Wehrdienst oder Einj\u00e4hrigen-Pr\u00fcfung\u2026<\/strong><!--more weiterlesen--><\/p>\n<p style=\"text-align: justify;\">Vor 100 Jahren konnten sich die jungen M\u00e4nner, die ihr Reifezeugnis erworben hatten, als sogenannte Einj\u00e4hrig-Freiwillige melden. Sie dienten nur ein Jahr statt der sonst \u00fcblichen zwei oder drei Jahre, musste sich aber auf eigene Kosten ausr\u00fcsten und versorgen. Darum kamen als Einj\u00e4hrig-Freiwillige in der Regel nur die S\u00f6hne wohlhabender Familien in Frage. Die Einstellung erfolgte zum 1. Oktober eines jeden Jahres, ausnahmsweise auch zum 1. April eines Jahres. Die Einj\u00e4hrig-Freiwilligen durften sich den Truppenteil selbst aussuchen.<br \/>\nAuch Sch\u00fcler mit der Mittleren Reife konnten sich daf\u00fcr bewerben, mussten allerdings vor einer Kommission eine besondere Pr\u00fcfung ablegen. In drei Sprachen (Deutsch und zwei Fremdsprachen) sowie Geographie, Geschichte, Literatur, Mathematik, Physik und Chemie. Bei bestandener Pr\u00fcfung erhielt man einen Berechtigungsschein f\u00fcr den einj\u00e4hrigen Wehrdienst. <em><a title=\"http:\/\/de.wikipedia.org\/wiki\/Einj%C3%A4hrig-Freiwilliger\" href=\"http:\/\/de.wikipedia.org\/wiki\/Einj%C3%A4hrig-Freiwilliger\">http:\/\/de.wikipedia.org\/wiki\/Einj%C3%A4hrig-Freiwilliger<\/a><\/em><\/p>\n<p style=\"text-align: justify;\"><a href=\"http:\/\/win2014.de\/wp-content\/uploads\/2015\/01\/abi-1914_0002.jpg\"><img loading=\"lazy\" class=\"alignleft wp-image-1737 size-medium\" src=\"http:\/\/win2014.de\/wp-content\/uploads\/2015\/01\/abi-1914_0002-187x300.jpg\" alt=\"uz\" width=\"187\" height=\"300\" \/><\/a>Einer von diesen Einj\u00e4hrig-Freiwilligen war Hugo Hildebrand aus Wertheim. \u00dcberliefert sind von ihm f\u00fcnf Postkarten, die er an eine gewisse Emma Wenneis, ebenfalls aus Wertheim, geschickt hat. Im Oktober 1914, da war der Krieg erst ein paar Wochen alt, schreibt er noch schnelle herzliche Gr\u00fc\u00dfe aus der lustigen Geschichtsstunde. Im Februar 1915 ist es auch noch recht lustig. Da sitzt er mit anderen Einj\u00e4hrigen in seiner fidelen Antrittskneipe in Villingen. Aber dann wird er im Juni aus dem Urlaub zur\u00fcckbeordert \u2013 \u201eLiebes Emmele! Morgen kommen wir schon in Ersatzkompagnien\u201c &#8211; und im Juli steckt er schon im Sch\u00fctzengraben, um im Feindesland gegen die \u201eFranzm\u00e4nner\u201c zu k\u00e4mpfen.<\/p>\n<p style=\"text-align: justify;\">Der Gymnasiast Hugo Hildebrandt wechselt unbeschwert mit seinen Freunden zu den Einj\u00e4hrigen, und das mit Hurra und Weinseligkeit. Es dauert aber nur ein knappes Jahr, da ist er schon im Sch\u00fctzengraben. Weitere Postkarten von ihm gibt es nicht. Ob seine Emma Wenneis noch mehr Feldpost von ihm bekommen hat, wissen wir nicht.<br \/>\nVielleicht war das aber auch schon das letzte Lebenszeichen ihres Geliebten Hugo aus dem Sch\u00fctzengraben. Vielleicht war seine Kompanie im September und Oktober 1915 dabei, als s\u00fcdlich-westlich von Lille zum ersten Mal Chlorgas eingesetzt wurde. An manchen Tagen starben dort bis zu 8 000 Soldaten. Das schreckliche Wort \u201eErsatzkompanie\u201c wurde immer h\u00e4ufiger benutzt. \u201eErsatz\u201c lautete die b\u00fcrokratische Formulierung f\u00fcr Soldaten, die die L\u00fccken f\u00fcllen sollten f\u00fcr die get\u00f6teten Kameraden.<\/p>\n<p style=\"text-align: justify;\"><strong><span style=\"color: #ff0000; font-family: arial,helvetica,sans-serif; font-size: 14pt;\">F\u00fcnf Postkarten an Emma Wenneis in Wertheim<\/span><\/strong><\/p>\n<p style=\"text-align: justify;\"><a href=\"http:\/\/win2014.de\/wp-content\/uploads\/2015\/01\/abi-1914_0001.jpg\"><img loading=\"lazy\" class=\"alignleft wp-image-1750 size-medium\" src=\"http:\/\/win2014.de\/wp-content\/uploads\/2015\/01\/abi-1914_0001-188x300.jpg\" alt=\"abi 1914_0001\" width=\"188\" height=\"300\" \/><\/a><span style=\"color: #008080;\">Fr\u00e4ulein Emma Wenneis<\/span><br \/>\n<span style=\"color: #008080;\"> Wertheim, Neuplatz<\/span><br \/>\n<em><span style=\"color: #008080;\"> 1.10. 14<\/span><\/em><br \/>\n<em><span style=\"color: #008080;\"> Herzliche Gr\u00fc\u00dfe von unsrer heutigen lustigen Geschichtsstunde<\/span><\/em><br \/>\n<em><span style=\"color: #008080;\"> D. Hugo, Gretel Stein, Maria Kappes, Fritz von Bomke<\/span><\/em><br \/>\n<em><span style=\"color: #008080;\"> Wohnort: z.Z. Gymnasium<\/span><\/em><\/p>\n<p style=\"text-align: justify;\"><span style=\"color: #008080;\">28.2.15<\/span><br \/>\n<em><span style=\"color: #008080;\"> Liebe Emma!<\/span><\/em><br \/>\n<em><span style=\"color: #008080;\"> Die besten Gr\u00fc\u00dfe aus unserer fidelen Antrittskneipe in unserm neuen Lokal.<\/span><\/em><br \/>\n<em><span style=\"color: #008080;\"> Dein Hugo<\/span><\/em><\/p>\n<p style=\"text-align: justify;\"><a style=\"color: #008080;\" href=\"http:\/\/win2014.de\/wp-content\/uploads\/2015\/01\/abi-1914_0003.jpg\"><img loading=\"lazy\" class=\"alignleft wp-image-1752 size-medium\" src=\"http:\/\/win2014.de\/wp-content\/uploads\/2015\/01\/abi-1914_0003-190x300.jpg\" alt=\"abi 1914_0003\" width=\"190\" height=\"300\" srcset=\"http:\/\/win2014.de\/wp-content\/uploads\/2015\/01\/abi-1914_0003-190x300.jpg 190w, http:\/\/win2014.de\/wp-content\/uploads\/2015\/01\/abi-1914_0003-651x1024.jpg 651w, http:\/\/win2014.de\/wp-content\/uploads\/2015\/01\/abi-1914_0003.jpg 1036w\" sizes=\"(max-width: 190px) 100vw, 190px\" \/><\/a><\/p>\n<p style=\"text-align: justify;\"><span style=\"color: #008080;\">Villingen, 14.6.15<\/span><br \/>\n<em><span style=\"color: #008080;\"> Liebe Emma!<\/span><\/em><br \/>\n<em><span style=\"color: #008080;\"> Die Hoffnung, wieder heimgeschickt zu werden, ist vollst\u00e4ndig verschwunden. Alle Einj\u00e4hrigen sind zur\u00fcckgerufen worden. Haben heute fr\u00fch schon wieder nach altem Drill exerziert. Soeben sitzen wir 6 Einj\u00e4hrigen in Engel und lauschen den T\u00f6nen der feinen Musik. Wahrscheinlich machen wir nebenbei einen Unteroff.kurs mit. H\u00e4tte mal so gerne wieder eine Gondelpartie gemacht, aber das Geschick wollte es anders.<\/span><\/em><br \/>\n<em><span style=\"color: #008080;\">Herzl. Gr\u00fc\u00dfe Hugo<\/span><\/em><\/p>\n<p style=\"text-align: justify;\"><span style=\"color: #008080;\"><strong>Feldpostkarte<\/strong><br \/>\n<\/span><span style=\"color: #008080;\"> Villingen, 20.6.15<\/span><em><span style=\"color: #008080;\"><br \/>\nLiebes Emmele!<br \/>\nNun sind wieder alle Urlauber zur\u00fcckgekehrt, ich habe mich schon wieder leidlich hier eingew\u00f6hnt. Morgen kommen wir in Ersatzkompagnien. Warum l\u00e4\u00dft Du aber auch gar nichts von Dir h\u00f6ren? Habe eben viel zu arbeiten. Eben sitzen wir in einem feinen Waldhotel des Schwarzwaldes. Bei feiner F\u00fcrstenbergbr\u00e4u die herzl. Gr\u00fc\u00dfe<br \/>\nDein Hugo<br \/>\n<\/span><\/em><\/p>\n<p style=\"text-align: justify;\"><span style=\"color: #008080;\"><a style=\"color: #008080;\" href=\"http:\/\/win2014.de\/wp-content\/uploads\/2015\/01\/abi-1914_0009.jpg\"><img loading=\"lazy\" class=\"alignleft wp-image-1758 size-medium\" src=\"http:\/\/win2014.de\/wp-content\/uploads\/2015\/01\/abi-1914_0009-191x300.jpg\" alt=\"abi 1914_0009\" width=\"191\" height=\"300\" \/><\/a><strong>Feldpost<\/strong><\/span><br \/>\n<span style=\"color: #008080;\"> Im Sch\u00fctzengraben 28.7.15<\/span><br \/>\n<em><span style=\"color: #008080;\"> Meine kleine Emma!<\/span><\/em><br \/>\n<em><span style=\"color: #008080;\"> Meinen Aufsatz \u00fcber den Infanteristen von gestern wirst du erhalten haben? Aber Du schreibst mir gar nicht mehr, ich bin Dir, wie es scheint, sehr gleichg\u00fcltig, weil Du mir so wenig Aufmerksamkeit schenkst u. so wenig schreibst.<\/span><\/em><br \/>\n<em><span style=\"color: #008080;\"> Wenn Du mir wieder einmal schreibst, schicke eine meiner Uhrketten mit, die gute, ich glaube, sie ist in einem Sch\u00e4chtelchen in der Kassette, oder im Schrank. Ich will sie haben zu meinem Kompa\u00df, den ich von M. erhielt. Es w\u00e4re mir auch angenehm, wenn Du mir ein gutes Tintenblei (bekomme hier nur schlechte) mitschicken w\u00fcrdest.<\/span><\/em><br \/>\n<em><span style=\"color: #008080;\"> Wie ist jetzt die Sache mit dem Geld geregelt? Gestern Nacht war ich zum 1. Mal freiwillig auf Patrouille bei den Franzm\u00e4nnern dr\u00fcben. Was g\u00e4be ich f\u00fcr ein St\u00fcndchen, wo wir wieder einmal so eintr\u00e4chtig unsre Schulaufgaben zusammen machen k\u00f6nnten.<\/span><\/em><br \/>\n<em><span style=\"color: #008080;\"> Aus weiter Ferne sendet Dir die herzl. Gr\u00fc\u00dfe<\/span><\/em><br \/>\n<em><span style=\"color: #008080;\"> Dein Hugo<\/span><\/em><br \/>\n<em><span style=\"color: #008080;\"> Gr\u00fc\u00dfe Deine Mutter<\/span><\/em><\/p>\n<p style=\"text-align: justify;\"><em><a href=\"http:\/\/win2014.de\/wp-content\/uploads\/2015\/01\/abi-1914_0010.jpg\"><img loading=\"lazy\" class=\"alignnone size-large wp-image-1759\" src=\"http:\/\/win2014.de\/wp-content\/uploads\/2015\/01\/abi-1914_0010-1024x628.jpg\" alt=\"abi 1914_0010\" width=\"640\" height=\"392\" srcset=\"http:\/\/win2014.de\/wp-content\/uploads\/2015\/01\/abi-1914_0010-1024x628.jpg 1024w, http:\/\/win2014.de\/wp-content\/uploads\/2015\/01\/abi-1914_0010-300x184.jpg 300w, http:\/\/win2014.de\/wp-content\/uploads\/2015\/01\/abi-1914_0010.jpg 1621w\" sizes=\"(max-width: 640px) 100vw, 640px\" \/><\/a><br \/>\n<\/em><\/p>\n","protected":false},"excerpt":{"rendered":"<p>In wenigen Wochen beginnen in Deutschland die Abiturpr\u00fcfungen 2015. Sp\u00e4testens jetzt muss sich jeder Sch\u00fcler fragen: Abitur \u2013 was dann? Studium, Beruf bzw. Ausbildung oder ins Ausland? Ein Freiwilliges Soziales Jahr? Oder doch Bundeswehr? Die Qual der Wahl wird nicht &hellip; <a href=\"http:\/\/win2014.de\/?p=1732\">Weiterlesen <span class=\"meta-nav\">&rarr;<\/span><\/a><\/p>\n","protected":false},"author":1,"featured_media":1923,"comment_status":"closed","ping_status":"closed","sticky":false,"template":"","format":"standard","meta":[],"categories":[1,222,10],"tags":[23,235,219,215,21],"jetpack_featured_media_url":"http:\/\/win2014.de\/wp-content\/uploads\/2015\/01\/f_0017-Kopie.jpg","_links":{"self":[{"href":"http:\/\/win2014.de\/index.php?rest_route=\/wp\/v2\/posts\/1732"}],"collection":[{"href":"http:\/\/win2014.de\/index.php?rest_route=\/wp\/v2\/posts"}],"about":[{"href":"http:\/\/win2014.de\/index.php?rest_route=\/wp\/v2\/types\/post"}],"author":[{"embeddable":true,"href":"http:\/\/win2014.de\/index.php?rest_route=\/wp\/v2\/users\/1"}],"replies":[{"embeddable":true,"href":"http:\/\/win2014.de\/index.php?rest_route=%2Fwp%2Fv2%2Fcomments&post=1732"}],"version-history":[{"count":25,"href":"http:\/\/win2014.de\/index.php?rest_route=\/wp\/v2\/posts\/1732\/revisions"}],"predecessor-version":[{"id":4157,"href":"http:\/\/win2014.de\/index.php?rest_route=\/wp\/v2\/posts\/1732\/revisions\/4157"}],"wp:featuredmedia":[{"embeddable":true,"href":"http:\/\/win2014.de\/index.php?rest_route=\/wp\/v2\/media\/1923"}],"wp:attachment":[{"href":"http:\/\/win2014.de\/index.php?rest_route=%2Fwp%2Fv2%2Fmedia&parent=1732"}],"wp:term":[{"taxonomy":"category","embeddable":true,"href":"http:\/\/win2014.de\/index.php?rest_route=%2Fwp%2Fv2%2Fcategories&post=1732"},{"taxonomy":"post_tag","embeddable":true,"href":"http:\/\/win2014.de\/index.php?rest_route=%2Fwp%2Fv2%2Ftags&post=1732"}],"curies":[{"name":"wp","href":"https:\/\/api.w.org\/{rel}","templated":true}]}}