{"id":1549,"date":"2014-11-06T21:30:41","date_gmt":"2014-11-06T20:30:41","guid":{"rendered":"http:\/\/win2014.de\/?p=1549"},"modified":"2020-12-16T17:06:52","modified_gmt":"2020-12-16T16:06:52","slug":"karl-ein-held","status":"publish","type":"post","link":"http:\/\/win2014.de\/?p=1549","title":{"rendered":"Karl &#8211; ein Held?"},"content":{"rendered":"<div id=\"attachment_1579\" style=\"width: 152px\" class=\"wp-caption alignleft\"><a href=\"http:\/\/win2014.de\/wp-content\/uploads\/2014\/11\/verdun_0002-Kopie-2-Kopie.jpg\"><img aria-describedby=\"caption-attachment-1579\" loading=\"lazy\" class=\"wp-image-1579\" src=\"http:\/\/win2014.de\/wp-content\/uploads\/2014\/11\/verdun_0002-Kopie-2-Kopie-123x300.jpg\" alt=\"verdun_0002 - Kopie (2) - Kopie\" width=\"142\" height=\"346\" \/><\/a><p id=\"caption-attachment-1579\" class=\"wp-caption-text\">Soldatenfriedhof in Frankreich<\/p><\/div>\n<p style=\"text-align: justify;\"><strong>Es ist f\u00fcr uns heute immer noch unvorstellbar, wie vor hundert Jahren Millionen junger M\u00e4nner von ihren Gener\u00e4len in den Tod getrieben wurden. Vorstellen mag man sich auch gar nicht, was in ihnen vorging &#8211; kurz vor dem Sprung aus dem Sch\u00fctzengraben, der fast immer einen Sprung in den Tod bedeutete &#8211; oder wie es damals noch hie\u00df &#8211; bevor sie den Heldentod starben. Aber wer war von diesen Millionen Toten ein Held, wer nicht?<\/strong><br \/>\nAls Helden jedenfalls wurden bald die gefeiert, die in Briefen, Tageb\u00fcchern oder Gedichten ihre Kriegsbegeisterung bezeugten. Bereits 1916 erschien die Sammlung <em>\u201eKriegsbriefe deutscher Studenten\u201c<\/em> &#8211; allesamt Briefe von gefallenen Soldaten. Mit ihrer Begeisterung und Opferbereitschaft wurden sie bis in die Hitlerzeit und bis zum n\u00e4chsten Weltkrieg als Beispiel f\u00fcr deutsches Heldentum gefeiert. Gefeiert als Held &#8211; aber war man deswegen auch gleich ein Held? Und was ist \u00fcberhaupt ein Held?<!--more weiterlesen--><br \/>\nIn vielen Familien findet man heute immer noch im Keller oder auf dem Dachboden, in Schachteln oder verstaubten Koffern Briefe, Fotos oder andere Dokumente aus dem ersten Weltkrieg. Neu ist inzwischen, dass man oft gar nicht mehr genau wei\u00df, wer die Postkarte geschrieben hat oder wer denn dieser Soldat auf dem Foto ist. Zu lange lagen diese Dokumente unber\u00fchrt irgendwo herum. Jetzt nach hundert Jahren gibt es kaum noch jemanden, der die Schrift der Briefe entziffern kann oder der wei\u00df, ob das der eigene Urgro\u00dfvater auf dem Foto ist oder sein Bruder. Oft sind es die einzigen Dokumente dieser Verwandten. So jedenfalls geht es mit einem Brief, den ein gewisser Karl im Jahre 1916 aus der Champagne an seine Familie geschrieben hat.<\/p>\n<p style=\"text-align: justify;\"><em>\u00a0 \u00a0 \u00a0 \u00a0 \u00a0 \u00a0 \u00a0 \u00a0 \u00a0 \u00a0 \u00a0 \u00a0 \u00a0 \u00a0 \u00a0 \u00a0 \u00a0 \u00a0 \u00a0 \u00a0 \u00a0 \u00a0 \u00a0 \u00a0 \u00a0 \u00a0 \u00a0 \u00a0 \u00a0 \u00a0 \u00a0 \u00a0 \u00a0 \u00a0 \u00a0 \u00a0 \u00a0 \u00a0 \u00a0 \u00a0 \u00a0 \u00a0 \u00a0 \u00a0 \u00a0 \u00a0 \u00a0 \u00a0 \u00a0 \u00a0 \u00a0 <span style=\"color: #008080;\">Champagne, den 25. 2. 1916<\/span><\/em><br \/>\n<span style=\"color: #008080;\"> <em>\u00a0 \u00a0 \u00a0 \u00a0 \u00a0 \u00a0 \u00a0 \u00a0 \u00a0 \u00a0 \u00a0 \u00a0 \u00a0 \u00a0 \u00a0 \u00a0 \u00a0 \u00a0 \u00a0 \u00a0 \u00a0 \u00a0 \u00a0 \u00a0 \u00a0 \u00a0 \u00a0 \u00a0 \u00a0 \u00a0 \u00a0 \u00a0 \u00a0 \u00a0 \u00a0 \u00a0 \u00a0 \u00a0 \u00a0 \u00a0 \u00a0 \u00a0 \u00a0 \u00a0 \u00a0 \u00a0 \u00a0 \u00a0 \u00a0 \u00a0 \u00a0 \u00a0 \u00a0 \u00a0 \u00a0 \u00a0 \u00a0 \u00a0 \u00a0 \u00a0 \u00a0 \u00a0 \u00a0(abends 9 Uhr)<\/em><\/span><br \/>\n<span style=\"color: #008080;\"><em>Meine lieben Eltern!<\/em><\/span><br \/>\n<span style=\"color: #008080;\"><em> Heute war ein hei\u00dfer Tag f\u00fcr die arme Truppe, die vorne lagen. Sonntag st\u00fcrmten wir vor! Es ist beteiligt unser stolzes Regiment \u201eK\u00f6nigin\u201c und das Grenadier-Regiment 89.<\/em><\/span><br \/>\n<span style=\"color: #008080;\"><em> Ich bin mit meiner Kompagnie in vorderster Linie. Ein stolzes und herrliches Gef\u00fchl ist es f\u00fcr mich, an der Spitze der Kompagnie vorst\u00fcrmen zu k\u00f6nnen. Ich will mich in keiner Weise schonen, meinen braven Leuten will ich ein leuchtendes Beispiel sein! Liebe Eltern, sollte ich an der Spitze meiner Kompagnie den Heldentod sterben, dann sei dies ein letzter Gru\u00df! Seid stolz, dass auch Ihr einen Sohn geopfert! Die langen, schweren Kriegsmonate haben mich innerlich gefestigt. Ich f\u00fcrchte den Tod nicht. Ich will \u201etapfer k\u00e4mpfen und lachend sterben\u201c.<\/em><\/span><br \/>\n<span style=\"color: #008080;\"><em> Und die Worte, die Annemarie mir neulich schrieb, waren mir aus dem Herzen gesprochen: Es gibt f\u00fcr uns ein Wiedersehen in einer besseren Welt! Tragt Euren Kummer, geliebte Eltern, wie es die Gr\u00f6\u00dfe der Zeit verlangt und behaltet Euren Karl in warmem Andenken! Mein Leichnam soll nicht nach Deutschland \u00fcberf\u00fchrt werden, ich will dort ruhen, wo meine lieben F\u00fcsiliere ruhen, mit denen ich k\u00e4mpfend gefallen bin f\u00fcr Deutschlands Gr\u00f6\u00dfe!<\/em><\/span><br \/>\n<span style=\"color: #008080;\"><em> Es k\u00fcsst Euch<\/em><\/span><br \/>\n<span style=\"color: #008080;\"><em> Euer Karl<\/em><\/span><\/p>\n<p style=\"text-align: justify;\">Die Heereszeitung <em>\u201eDer Champagne-Kamerad\u201c<\/em> schreibt \u00fcber diese Schlacht, von der Karl berichtet, in der Ausgabe Nr. 12: <em><span style=\"color: #008080;\">So ist den Franzosen in sechs Tagen annaehernd 250 Quadratkilometer, also etwa sechsmal so viel Gel\u00e4nde entrissen worden, als sie bei der September-Offensive \u2026 mit einem Verlust von 150 000 Mann erreichen konnten. Die Berichte unserer Obersten Heeresleitung heben hervor, dass unsere Verluste bei Verdun durchaus ertr\u00e4glich geblieben sind.<\/span> <\/em>Ertr\u00e4glich? Was soll man darunter verstehen? Die ganze Wahrheit \u00fcber diese Schlacht bei Verdun findet man unter <em><a href=\"http:\/\/win2014.de\/wp-content\/uploads\/2014\/11\/verdun_0003.jpg\">http:\/\/de.wikipedia.org\/wiki\/Schlacht_um_Verdun<\/a><\/em><\/p>\n<p style=\"text-align: right;\"><em><a href=\"http:\/\/win2014.de\/wp-content\/uploads\/2014\/11\/verdun_0003.jpg\"><img loading=\"lazy\" class=\"alignnone size-large wp-image-2036\" src=\"http:\/\/win2014.de\/wp-content\/uploads\/2014\/11\/verdun_0003-1024x629.jpg\" alt=\"verdun_0003\" width=\"640\" height=\"393\" srcset=\"http:\/\/win2014.de\/wp-content\/uploads\/2014\/11\/verdun_0003-1024x629.jpg 1024w, http:\/\/win2014.de\/wp-content\/uploads\/2014\/11\/verdun_0003-300x184.jpg 300w\" sizes=\"(max-width: 640px) 100vw, 640px\" \/><\/a><\/em><span style=\"font-size: 8pt;\">Ganze D\u00f6rfer wurden 1916 in der Champagne f\u00fcr immer zerst\u00f6rt.<\/span><\/p>\n<p style=\"text-align: justify;\">Karl, so viel wei\u00df man heute, starb am n\u00e4chsten Tag &#8211; wie hunderttausende anderer deutscher und franz\u00f6sischer Soldaten &#8211; in der Schlacht bei Verdun durch einen Kopfschuss. Er wurde mit seinen Kameraden aus dem Flensburger Grenadier-Regiment auf einem sogenannten Heldenfriedhof beerdigt.<br \/>\nWir wissen nicht, was Karl zu solch \u201eheldenhaften\u201c Worten und zu solchem Handeln angetrieben hat. Es w\u00e4re aber ungerecht, ihm vorzuwerfen, dass er verblendet gewesen sei. Wir wissen auch nicht, was ihn h\u00e4tte zur\u00fcckhalten k\u00f6nnen.<\/p>\n<div id=\"attachment_1573\" style=\"width: 221px\" class=\"wp-caption alignleft\"><a href=\"http:\/\/win2014.de\/wp-content\/uploads\/2014\/11\/396px-KarlThylmann.jpg\"><img aria-describedby=\"caption-attachment-1573\" loading=\"lazy\" class=\"wp-image-1573\" src=\"http:\/\/win2014.de\/wp-content\/uploads\/2014\/11\/396px-KarlThylmann-247x300.jpg\" alt=\"396px-KarlThylmann\" width=\"211\" height=\"256\" srcset=\"http:\/\/win2014.de\/wp-content\/uploads\/2014\/11\/396px-KarlThylmann-247x300.jpg 247w, http:\/\/win2014.de\/wp-content\/uploads\/2014\/11\/396px-KarlThylmann.jpg 396w\" sizes=\"(max-width: 211px) 100vw, 211px\" \/><\/a><p id=\"caption-attachment-1573\" class=\"wp-caption-text\">Karl Thylmann (1888 &#8211; 1916)<\/p><\/div>\n<p style=\"text-align: justify;\">Es gibt aber auch andere Briefe &#8211; Briefe von Soldaten, die ihr Schicksal \u00e4hnlich wie Karl ahnten, aber sich gegen\u00fcber ihren Angeh\u00f6rigen nachdenklich und zweifelnd zeigten und sich fragten, was f\u00fcr einen Sinn das alles haben k\u00f6nnte. Da gibt es zuf\u00e4llig einen anderen Karl, Karl Thylmann, der fast zur selben Zeit wie der todesmutige Karl im Sch\u00fctzengraben bei Verdun lag. Karl Thylmann war ein junger K\u00fcnstler, der in kurzer Zeit Holzschnitte von ergreifender Anschaulichkeit geschaffen hat. Von ihm gibt es Briefe an seine Frau und Gedichte, die er im Sch\u00fctzengraben geschrieben hat, Briefe, in denen er um Erkenntnis ringt und sich fragt, wie sein Leben vor Gott bestehen k\u00f6nnte. Das Wort \u201eHeld\u201c kommt darin nicht vor. Im Juli und August 1916 schreibt er an seine Frau die letzten Briefe.<\/p>\n<p style=\"text-align: justify;\"><span style=\"color: #008080;\"><em>Im Feld, 23. Juli<\/em><\/span><br \/>\n<span style=\"color: #008080;\"><em> Heut ist unser Hochzeitstag. Ich habe ihn schon mit einem schweren Marsch gefeiert. Alles geht, merke ich. Ich sitze hier auf dem Gem\u00e4uer eines idyllischen G\u00e4rtchens, zwischen Mohn, Birnb\u00e4umen und meterhohem Unkraut. Vorhin habe ich nach 14 Tagen die ersten Zivilisten gesehen. Wie eine Wohltat. &#8211; Eine alte Frau mit wei\u00dfem H\u00e4ubchen und zwei schwarzhaarige franz\u00f6sische M\u00e4dchen.<\/em><\/span><\/p>\n<p style=\"text-align: justify;\"><span style=\"color: #008080;\"><em>Im Feld, 25. Juli<\/em><\/span><br \/>\n<span style=\"color: #008080;\"><em> Heut sind drei Briefe angekommen!! Ich bin mit den Briefen hierher auf ein stilles abgelegenes Pl\u00e4tzchen bei einem kleinen, \u00fcberwucherten Steinbruch gegangen. Mein Verlangen w\u00e4chst nat\u00fcrlich ins \u00fcbermenschliche. &#8211; Heut waren wir zur Waldarbeit kommandiert. Ich habe mich die gr\u00f6\u00dfte Zeit \u00fcber ins Dickicht verloren und Mattheus Evangelium gelesen, oder in die Kronen und in den tiefblauen Himmel geschaut.<\/em><\/span><\/p>\n<p style=\"text-align: justify;\"><span style=\"color: #008080;\"><em>Im Feld, 4. August.<\/em><\/span><br \/>\n<span style=\"color: #008080;\"><em> Eben kommt der Befehl, da\u00df wir uns heute Abend marschbereit halten sollen. Ich bin so ruhig, trotz der Spannung. Gnade mir Gott! Aber ich sehe dich wieder, Dich und Andreas.<\/em><\/span><\/p>\n<p style=\"text-align: justify;\"><span style=\"color: #008080;\"><em>Montm\u00e9dy, Theaterlazarett, 5. August<\/em><\/span><br \/>\n<span style=\"color: #008080;\"><em> Wir mu\u00dften gestern vormittag pl\u00f6tzlich vorgehen in einer Schlucht, und die allererste Granate, die bei uns einschlug, traf mich. Bei der Explosion wurde ich umgerissen und dachte erst, es w\u00e4re ein Stein gegen mich geflogen.<\/em><\/span><\/p>\n<p style=\"text-align: justify;\">Karl Thylmann wird verwundet nach Deutschland transportiert. Am Morgen des 25. August, nach tagelangen Visionen, starb Karl Thylmann &#8211; wie seine Frau schreibt &#8211; in vollkommener Demut und Gottseligkeit. Sie hat daf\u00fcr gesorgt, dass seine Briefe und vor allem seine ergreifenden Holzschnitte der Nachwelt \u00fcberliefert wurden.<\/p>\n<div id=\"attachment_1562\" style=\"width: 650px\" class=\"wp-caption alignnone\"><a href=\"http:\/\/win2014.de\/wp-content\/uploads\/2014\/11\/IMG_6064.jpg\"><img aria-describedby=\"caption-attachment-1562\" loading=\"lazy\" class=\"wp-image-1562 size-large\" src=\"http:\/\/win2014.de\/wp-content\/uploads\/2014\/11\/IMG_6064-738x1024.jpg\" alt=\"IMG_6064\" width=\"640\" height=\"888\" srcset=\"http:\/\/win2014.de\/wp-content\/uploads\/2014\/11\/IMG_6064-738x1024.jpg 738w, http:\/\/win2014.de\/wp-content\/uploads\/2014\/11\/IMG_6064-216x300.jpg 216w\" sizes=\"(max-width: 640px) 100vw, 640px\" \/><\/a><p id=\"caption-attachment-1562\" class=\"wp-caption-text\">Jacob Boehme<\/p><\/div>\n<p style=\"text-align: justify;\">War Karl ein Held? Der eine Karl oder der andere? Beide wurden im Massengrab von Verdun sinnlos get\u00f6tet. Held oder kein Held &#8211; im Laufe der letzten hundert Jahre gab es darauf je nach \u201eLage der Nation\u201c wechselnde Antworten. Und heute wissen wir immer noch nicht genau, was ein Held ist. Heute lehnen wir zwar jegliche Form von Hurrapatriotismus ab. Aber wissen wir genau, wie wir uns damals in solchen Situationen verhalten h\u00e4tten? Vielleicht w\u00e4ren wir auch Soldaten geworden, <em>\u201edie sich in M\u00fcnchen und Manchester, Linz oder Lyon freiwillig meldeten, die den Kopf voller Predigten, Reden und \u00f6ffentlicher Heldenfeiern hatten, die sie aufforderten, dem Ruf des Vaterlandes zu folgen und im heiligen Kampf auf dem Felde der Ehre Tod oder Heldentum zu finden, Mann gegen Mann, S\u00e4bel gegen S\u00e4bel, Mut gegen Mut.\u201c<\/em> (Philip Blom, Die zerrissenen Jahre, 1918- 1938)<br \/>\nUnsere Aufgabe heute bleibt, es zu verhindern, dass Menschen dazu gezwungen werden, in gewaltsamen Auseinandersetzungen welcher Art auch immer den fragw\u00fcrdigen Helden zu spielen. Wenn uns das gel\u00e4nge, w\u00e4re das vielleicht eine kleine Heldentat.<\/p>\n<div id='gallery-1' class='gallery galleryid-1549 gallery-columns-3 gallery-size-thumbnail'><dl class='gallery-item'>\n\t\t\t<dt class='gallery-icon portrait'>\n\t\t\t\t<a href='http:\/\/win2014.de\/?attachment_id=1559'><img width=\"150\" height=\"150\" src=\"http:\/\/win2014.de\/wp-content\/uploads\/2014\/11\/IMG_6061-150x150.jpg\" class=\"attachment-thumbnail size-thumbnail\" alt=\"\" loading=\"lazy\" \/><\/a>\n\t\t\t<\/dt><\/dl><dl class='gallery-item'>\n\t\t\t<dt class='gallery-icon portrait'>\n\t\t\t\t<a href='http:\/\/win2014.de\/?attachment_id=1558'><img width=\"150\" height=\"150\" src=\"http:\/\/win2014.de\/wp-content\/uploads\/2014\/11\/IMG_6060-150x150.jpg\" class=\"attachment-thumbnail size-thumbnail\" alt=\"\" loading=\"lazy\" \/><\/a>\n\t\t\t<\/dt><\/dl><dl class='gallery-item'>\n\t\t\t<dt class='gallery-icon portrait'>\n\t\t\t\t<a href='http:\/\/win2014.de\/?attachment_id=1555'><img width=\"150\" height=\"150\" src=\"http:\/\/win2014.de\/wp-content\/uploads\/2014\/11\/IMG_6057-150x150.jpg\" class=\"attachment-thumbnail size-thumbnail\" alt=\"\" loading=\"lazy\" \/><\/a>\n\t\t\t<\/dt><\/dl><br style=\"clear: both\" \/><dl class='gallery-item'>\n\t\t\t<dt class='gallery-icon portrait'>\n\t\t\t\t<a href='http:\/\/win2014.de\/?attachment_id=1554'><img width=\"150\" height=\"150\" src=\"http:\/\/win2014.de\/wp-content\/uploads\/2014\/11\/IMG_6056-150x150.jpg\" class=\"attachment-thumbnail size-thumbnail\" alt=\"\" loading=\"lazy\" \/><\/a>\n\t\t\t<\/dt><\/dl><dl class='gallery-item'>\n\t\t\t<dt class='gallery-icon portrait'>\n\t\t\t\t<a href='http:\/\/win2014.de\/?attachment_id=1560'><img width=\"150\" height=\"150\" src=\"http:\/\/win2014.de\/wp-content\/uploads\/2014\/11\/IMG_6062-150x150.jpg\" class=\"attachment-thumbnail size-thumbnail\" alt=\"\" loading=\"lazy\" \/><\/a>\n\t\t\t<\/dt><\/dl><dl class='gallery-item'>\n\t\t\t<dt class='gallery-icon portrait'>\n\t\t\t\t<a href='http:\/\/win2014.de\/?attachment_id=1556'><img width=\"150\" height=\"150\" src=\"http:\/\/win2014.de\/wp-content\/uploads\/2014\/11\/IMG_6058-150x150.jpg\" class=\"attachment-thumbnail size-thumbnail\" alt=\"\" loading=\"lazy\" \/><\/a>\n\t\t\t<\/dt><\/dl><br style=\"clear: both\" \/>\n\t\t<\/div>\n\n<p><strong>Links zu Karl Thylmann und seinem Bruder Victor<\/strong><br \/>\n<em><a href=\"http:\/\/de.wikipedia.org\/wiki\/Karl_Thylmann\">http:\/\/de.wikipedia.org\/wiki\/Karl_Thylmann<\/a><\/em><br \/>\n<em><a href=\"http:\/\/biographien.kulturimpuls.org\/detail.php?&amp;id=704\">http:\/\/biographien.kulturimpuls.org\/detail.php?&amp;id=704<\/a><\/em><br \/>\n<em><a href=\"http:\/\/biographien.kulturimpuls.org\/detail.php?&amp;id=706\">http:\/\/biographien.kulturimpuls.org\/detail.php?&amp;id=706<\/a><\/em><\/p>\n<p><strong>Und dann noch&#8230;<\/strong><br \/>\nF\u00fcr alle, die zu Hause noch schriftliche Dokumente von 1914 oder sp\u00e4ter haben und diese nicht entziffern k\u00f6nnen, sei die S\u00fctterlinstube in Hamburg-Langenhorn empfohlen. Dieser Verein hat sich seit 1996 zur Aufgabe gemacht, Dokumente zu transkribieren. Ein Blick auf die Homepage lohnt sich. <em><a href=\"http:\/\/www.suetterlinstube-hamburg.de\/\">http:\/\/www.suetterlinstube-hamburg.de\/<\/a><\/em><\/p>\n","protected":false},"excerpt":{"rendered":"<p>Es ist f\u00fcr uns heute immer noch unvorstellbar, wie vor hundert Jahren Millionen junger M\u00e4nner von ihren Gener\u00e4len in den Tod getrieben wurden. Vorstellen mag man sich auch gar nicht, was in ihnen vorging &#8211; kurz vor dem Sprung aus &hellip; <a href=\"http:\/\/win2014.de\/?p=1549\">Weiterlesen <span class=\"meta-nav\">&rarr;<\/span><\/a><\/p>\n","protected":false},"author":1,"featured_media":1566,"comment_status":"closed","ping_status":"closed","sticky":false,"template":"","format":"standard","meta":[],"categories":[1,222,227,226],"tags":[206,201,138],"jetpack_featured_media_url":"http:\/\/win2014.de\/wp-content\/uploads\/2014\/11\/verdun_0002-Kopie.jpg","_links":{"self":[{"href":"http:\/\/win2014.de\/index.php?rest_route=\/wp\/v2\/posts\/1549"}],"collection":[{"href":"http:\/\/win2014.de\/index.php?rest_route=\/wp\/v2\/posts"}],"about":[{"href":"http:\/\/win2014.de\/index.php?rest_route=\/wp\/v2\/types\/post"}],"author":[{"embeddable":true,"href":"http:\/\/win2014.de\/index.php?rest_route=\/wp\/v2\/users\/1"}],"replies":[{"embeddable":true,"href":"http:\/\/win2014.de\/index.php?rest_route=%2Fwp%2Fv2%2Fcomments&post=1549"}],"version-history":[{"count":29,"href":"http:\/\/win2014.de\/index.php?rest_route=\/wp\/v2\/posts\/1549\/revisions"}],"predecessor-version":[{"id":2162,"href":"http:\/\/win2014.de\/index.php?rest_route=\/wp\/v2\/posts\/1549\/revisions\/2162"}],"wp:featuredmedia":[{"embeddable":true,"href":"http:\/\/win2014.de\/index.php?rest_route=\/wp\/v2\/media\/1566"}],"wp:attachment":[{"href":"http:\/\/win2014.de\/index.php?rest_route=%2Fwp%2Fv2%2Fmedia&parent=1549"}],"wp:term":[{"taxonomy":"category","embeddable":true,"href":"http:\/\/win2014.de\/index.php?rest_route=%2Fwp%2Fv2%2Fcategories&post=1549"},{"taxonomy":"post_tag","embeddable":true,"href":"http:\/\/win2014.de\/index.php?rest_route=%2Fwp%2Fv2%2Ftags&post=1549"}],"curies":[{"name":"wp","href":"https:\/\/api.w.org\/{rel}","templated":true}]}}